{"id":18873,"date":"2024-03-28T09:18:25","date_gmt":"2024-03-28T08:18:25","guid":{"rendered":"https:\/\/www.sedi-ati.com\/?p=18873"},"modified":"2024-03-28T10:18:25","modified_gmt":"2024-03-28T09:18:25","slug":"des-connecteurs-fibres-optiques-multivoies-enverres-pour-iter","status":"publish","type":"post","link":"https:\/\/www.sedi-ati.com\/fr\/des-connecteurs-fibres-optiques-multivoies-enverres-pour-iter\/","title":{"rendered":"Des connecteurs fibres optiques multivoies enverr\u00e9s pour ITER"},"content":{"rendered":"<section class=\"wpb-content-wrapper\"><p>[vc_row full_width=\u00a0\u00bbstretch_row\u00a0\u00bb content_placement=\u00a0\u00bbmiddle\u00a0\u00bb el_class=\u00a0\u00bbz-index-1 chevauchement-horizontal-range range-applications\u00a0\u00bb][vc_column width=\u00a0\u00bb3\/5&Prime; el_class=\u00a0\u00bbshadow border-radius-hd-bd line-bottom line-blue txt-blanc block-grand-text\u00a0\u00bb css=\u00a0\u00bb.vc_custom_1695800359783{background-color: #4c4d4f !important;}\u00a0\u00bb][vc_raw_html el_class=\u00a0\u00bbgros-titre flex-column-mobile\u00a0\u00bb]JTNDcCUzRUNvbm5lY3RldXJzJTNDc3BhbiUyMGNsYXNzJTNEJTIycG9pbnQtcm91Z2UlMjIlM0UlM0MlMkZzcGFuJTNFaGVybSVDMyVBOXRpcXVlcyUyMG11bHRpdm9pZXMlM0MlMkZwJTNF[\/vc_raw_html][vc_column_text]Hermoptic<sup>\u00ae<\/sup>, embase herm\u00e9tique multivoies optiques enverr\u00e9es 100% min\u00e9rale.[\/vc_column_text][vc_btn title=\u00a0\u00bbContactez-nous\u00a0\u00bb style=\u00a0\u00bbcustom\u00a0\u00bb custom_background=\u00a0\u00bb#132f40&Prime; custom_text=\u00a0\u00bb#ffffff\u00a0\u00bb shape=\u00a0\u00bbsquare\u00a0\u00bb link=\u00a0\u00bburl:https%3A%2F%2Fwww.sedi-ati.com%2Ffr%2Fcontact%2F\u00a0\u00bb el_class=\u00a0\u00bbline-bottom line-blue\u00a0\u00bb][\/vc_column][vc_column width=\u00a0\u00bb1\/2&Prime;][vc_single_image image=\u00a0\u00bb18970&Prime; img_size=\u00a0\u00bbfull\u00a0\u00bb][\/vc_column][\/vc_row][vc_row][vc_column][vc_column_text]Dans le cadre du projet de <strong>R\u00e9acteur Thermonucl\u00e9aire Exp\u00e9rimental International ITER<\/strong>, les soci\u00e9t\u00e9s CONESYS &amp; SEDI-ATI Fibres Optiques ont r\u00e9alis\u00e9 une <strong>embase multivoies optiques herm\u00e9tique 100% min\u00e9rale<\/strong>, \u00e0 des fins de <strong>m\u00e9trologie<\/strong> <strong>optique<\/strong> en environnement <strong>radiatif<\/strong> et <strong>cryog\u00e9nique<\/strong>.[\/vc_column_text][vc_column_text el_class=\u00a0\u00bbpetit-titre petit-titre-txt\u00a0\u00bb]<\/p>\n<h3>Les connecteurs Hermoptic<sup>\u00ae<\/sup><\/h3>\n<p>[\/vc_column_text][vc_column_text]Cette embase int\u00e8gre des <strong>fibres optiques<\/strong> monomodes et multimodes, sp\u00e9cialement adapt\u00e9es pour la tenue aux <strong>radiations<\/strong>.<\/p>\n<p><strong>Aucun \u00e9l\u00e9ment organique<\/strong> de type colle n\u2019intervient dans le proc\u00e9d\u00e9 de scellement des diff\u00e9rents composants entre eux. Les f\u00e9rules sont <strong>enverr\u00e9es<\/strong> dans le bo\u00eetier du connecteur, lui-m\u00eame <strong>soud\u00e9<\/strong> sur flange CF DN 40, et les fibres optiques sont enverr\u00e9es \u00e0 l\u2019int\u00e9rieur de ceux-ci. Les pertes d\u2019insertion g\u00e9n\u00e9r\u00e9es par ce type de scellement sont tout \u00e0 fait comparables \u00e0 des scellements plus classiques \u00e0 base de colles.[\/vc_column_text][vc_column_text el_class=\u00a0\u00bbpetit-titre petit-titre-txt\u00a0\u00bb]<\/p>\n<h3>Les tests sont r\u00e9alis\u00e9s avec succ\u00e8s<\/h3>\n<p>[\/vc_column_text][vc_column_text]L\u2019embase a pass\u00e9 avec succ\u00e8s, avant et apr\u00e8s irradiation totale d\u2019environ <strong>6 MGy<\/strong> avec un taux de<strong> 10.5 kGy\/h<\/strong>, une d\u00e9tection de fuite \u00e0 l\u2019H\u00e9lium de l\u2019ordre de 1 x 10<sup>-9<\/sup> Pa.m<sup>3<\/sup>\/s. Aucune att\u00e9nuation induite par le rayonnement mesurable n\u2019a \u00e9t\u00e9 mesur\u00e9e \u00e0 l\u2019issue de cet essai, consid\u00e9r\u00e9 comme un franc <strong>succ\u00e8s.<\/strong>[\/vc_column_text][vc_column_text el_class=\u00a0\u00bbpetit-titre petit-titre-txt\u00a0\u00bb]<\/p>\n<h3>La participation de SEDI-ATI<\/h3>\n<p>[\/vc_column_text][vc_column_text]Pour le projet ITER, SEDI-ATI con\u00e7oit et int\u00e8gre les sous-ensembles \u00ab F\u00e9rules + Fibres Optiques \u00bb. CONESYS Europe int\u00e8gre les f\u00e9rules et fibres optiques fournies par SEDI-ATI, dans les syst\u00e8mes d\u2019interconnexion qu\u2019il con\u00e7oit.[\/vc_column_text][\/vc_column][\/vc_row][vc_row full_width=\u00a0\u00bbstretch_row\u00a0\u00bb content_placement=\u00a0\u00bbmiddle\u00a0\u00bb css=\u00a0\u00bb.vc_custom_1695801406813{background-color: #a4a9ad !important;}\u00a0\u00bb][vc_column][vc_row_inner][vc_column_inner width=\u00a0\u00bb1\/6&Prime;][\/vc_column_inner][vc_column_inner el_class=\u00a0\u00bbshadow border-radius-hd-bd line-bottom line-blue\u00a0\u00bb width=\u00a0\u00bb2\/3&Prime; css=\u00a0\u00bb.vc_custom_1695816650128{background-color: #ffffff !important;}\u00a0\u00bb][vc_column_text]<\/p>\n<p style=\"text-align: center;\">Contactez-nous pour nous faire part de votre demande sp\u00e9cifique<\/p>\n<p>[\/vc_column_text][vc_btn title=\u00a0\u00bbNous contacter\u00a0\u00bb style=\u00a0\u00bbcustom\u00a0\u00bb custom_background=\u00a0\u00bb#132f40&Prime; custom_text=\u00a0\u00bb#ffffff\u00a0\u00bb shape=\u00a0\u00bbsquare\u00a0\u00bb align=\u00a0\u00bbcenter\u00a0\u00bb link=\u00a0\u00bburl:https%3A%2F%2Fwww.sedi-ati.com%2Ffr%2Fcontact%2F|target:_blank\u00a0\u00bb el_class=\u00a0\u00bbline-bottom line-blue\u00a0\u00bb css=\u00a0\u00bb.vc_custom_1711556276189{margin-top: 5px !important;border-top-width: 5px !important;padding-top: 15px !important;background-color: #ffffff !important;}\u00a0\u00bb][\/vc_column_inner][vc_column_inner width=\u00a0\u00bb1\/6&Prime;][\/vc_column_inner][\/vc_row_inner][\/vc_column][\/vc_row][vc_row][vc_column][vc_btn title=\u00a0\u00bb^\u00a0\u00bb style=\u00a0\u00bbflat\u00a0\u00bb shape=\u00a0\u00bbsquare\u00a0\u00bb link=\u00a0\u00bburl:%23Wrapper\u00a0\u00bb el_class=\u00a0\u00bbbtn-haut\u00a0\u00bb][\/vc_column][\/vc_row]<\/p>\n<\/section>","protected":false},"excerpt":{"rendered":"<p>SEDI-ATI a r\u00e9alis\u00e9 Hermoptic\u00ae, une embase herm\u00e9tique multivoies optiques enverr\u00e9es 100% min\u00e9rale.<\/p>\n","protected":false},"author":7,"featured_media":18990,"comment_status":"open","ping_status":"open","sticky":false,"template":"","format":"standard","meta":{"_acf_changed":false,"rs_blank_template":"","rs_page_bg_color":"","slide_template_v7":"","footnotes":""},"categories":[52001],"tags":[],"class_list":["post-18873","post","type-post","status-publish","format-standard","has-post-thumbnail","hentry","category-innovation"],"acf":[],"yoast_head":"<!-- This site is optimized with the Yoast SEO plugin v27.3 - https:\/\/yoast.com\/product\/yoast-seo-wordpress\/ -->\n<title>Des connecteurs fibres optiques multivoies enverr\u00e9s pour ITER - SEDI-ATI<\/title>\n<meta name=\"description\" content=\"SEDI-ATI a r\u00e9alis\u00e9 Hermoptic\u00ae, une embase herm\u00e9tique multivoies optiques enverr\u00e9es 100% min\u00e9rale.\" \/>\n<meta name=\"robots\" content=\"index, follow, max-snippet:-1, max-image-preview:large, max-video-preview:-1\" \/>\n<link rel=\"canonical\" href=\"https:\/\/www.sedi-ati.com\/fr\/des-connecteurs-fibres-optiques-multivoies-enverres-pour-iter\/\" \/>\n<meta property=\"og:locale\" content=\"fr_FR\" \/>\n<meta property=\"og:type\" content=\"article\" \/>\n<meta property=\"og:title\" content=\"Des connecteurs fibres optiques multivoies enverr\u00e9s pour ITER - SEDI-ATI\" \/>\n<meta property=\"og:description\" content=\"SEDI-ATI a r\u00e9alis\u00e9 Hermoptic\u00ae, une embase herm\u00e9tique multivoies optiques enverr\u00e9es 100% min\u00e9rale.\" \/>\n<meta property=\"og:url\" content=\"https:\/\/www.sedi-ati.com\/fr\/des-connecteurs-fibres-optiques-multivoies-enverres-pour-iter\/\" \/>\n<meta property=\"og:site_name\" content=\"SEDI-ATI\" \/>\n<meta property=\"article:published_time\" content=\"2024-03-28T08:18:25+00:00\" \/>\n<meta property=\"article:modified_time\" content=\"2024-03-28T09:18:25+00:00\" \/>\n<meta property=\"og:image\" content=\"https:\/\/www.sedi-ati.com\/wp-content\/uploads\/2024\/03\/Hermoptic\u00ae.jpg\" \/>\n\t<meta property=\"og:image:width\" content=\"300\" \/>\n\t<meta property=\"og:image:height\" content=\"300\" \/>\n\t<meta property=\"og:image:type\" content=\"image\/jpeg\" \/>\n<meta name=\"author\" content=\"Ga\u00eblle CHEVIN\" \/>\n<meta name=\"twitter:card\" content=\"summary_large_image\" \/>\n<meta name=\"twitter:label1\" content=\"\u00c9crit par\" \/>\n\t<meta name=\"twitter:data1\" content=\"Ga\u00eblle CHEVIN\" \/>\n\t<meta name=\"twitter:label2\" content=\"Dur\u00e9e de lecture estim\u00e9e\" \/>\n\t<meta name=\"twitter:data2\" content=\"2 minutes\" \/>\n<script type=\"application\/ld+json\" class=\"yoast-schema-graph\">{\"@context\":\"https:\\\/\\\/schema.org\",\"@graph\":[{\"@type\":\"Article\",\"@id\":\"https:\\\/\\\/www.sedi-ati.com\\\/fr\\\/des-connecteurs-fibres-optiques-multivoies-enverres-pour-iter\\\/#article\",\"isPartOf\":{\"@id\":\"https:\\\/\\\/www.sedi-ati.com\\\/fr\\\/des-connecteurs-fibres-optiques-multivoies-enverres-pour-iter\\\/\"},\"author\":{\"name\":\"Ga\u00eblle CHEVIN\",\"@id\":\"https:\\\/\\\/www.sedi-ati.com\\\/fr\\\/#\\\/schema\\\/person\\\/127f22d86c7a71dc89861f80fbe34076\"},\"headline\":\"Des connecteurs fibres optiques multivoies enverr\u00e9s pour ITER\",\"datePublished\":\"2024-03-28T08:18:25+00:00\",\"dateModified\":\"2024-03-28T09:18:25+00:00\",\"mainEntityOfPage\":{\"@id\":\"https:\\\/\\\/www.sedi-ati.com\\\/fr\\\/des-connecteurs-fibres-optiques-multivoies-enverres-pour-iter\\\/\"},\"wordCount\":595,\"commentCount\":0,\"publisher\":{\"@id\":\"https:\\\/\\\/www.sedi-ati.com\\\/fr\\\/#organization\"},\"image\":{\"@id\":\"https:\\\/\\\/www.sedi-ati.com\\\/fr\\\/des-connecteurs-fibres-optiques-multivoies-enverres-pour-iter\\\/#primaryimage\"},\"thumbnailUrl\":\"https:\\\/\\\/www.sedi-ati.com\\\/wp-content\\\/uploads\\\/2024\\\/03\\\/Hermoptic\u00ae.jpg\",\"articleSection\":[\"Innovation\"],\"inLanguage\":\"fr-FR\"},{\"@type\":\"WebPage\",\"@id\":\"https:\\\/\\\/www.sedi-ati.com\\\/fr\\\/des-connecteurs-fibres-optiques-multivoies-enverres-pour-iter\\\/\",\"url\":\"https:\\\/\\\/www.sedi-ati.com\\\/fr\\\/des-connecteurs-fibres-optiques-multivoies-enverres-pour-iter\\\/\",\"name\":\"Des connecteurs fibres optiques multivoies enverr\u00e9s pour ITER - SEDI-ATI\",\"isPartOf\":{\"@id\":\"https:\\\/\\\/www.sedi-ati.com\\\/fr\\\/#website\"},\"primaryImageOfPage\":{\"@id\":\"https:\\\/\\\/www.sedi-ati.com\\\/fr\\\/des-connecteurs-fibres-optiques-multivoies-enverres-pour-iter\\\/#primaryimage\"},\"image\":{\"@id\":\"https:\\\/\\\/www.sedi-ati.com\\\/fr\\\/des-connecteurs-fibres-optiques-multivoies-enverres-pour-iter\\\/#primaryimage\"},\"thumbnailUrl\":\"https:\\\/\\\/www.sedi-ati.com\\\/wp-content\\\/uploads\\\/2024\\\/03\\\/Hermoptic\u00ae.jpg\",\"datePublished\":\"2024-03-28T08:18:25+00:00\",\"dateModified\":\"2024-03-28T09:18:25+00:00\",\"description\":\"SEDI-ATI a r\u00e9alis\u00e9 Hermoptic\u00ae, une embase herm\u00e9tique multivoies optiques enverr\u00e9es 100% min\u00e9rale.\",\"breadcrumb\":{\"@id\":\"https:\\\/\\\/www.sedi-ati.com\\\/fr\\\/des-connecteurs-fibres-optiques-multivoies-enverres-pour-iter\\\/#breadcrumb\"},\"inLanguage\":\"fr-FR\",\"potentialAction\":[{\"@type\":\"ReadAction\",\"target\":[\"https:\\\/\\\/www.sedi-ati.com\\\/fr\\\/des-connecteurs-fibres-optiques-multivoies-enverres-pour-iter\\\/\"]}]},{\"@type\":\"ImageObject\",\"inLanguage\":\"fr-FR\",\"@id\":\"https:\\\/\\\/www.sedi-ati.com\\\/fr\\\/des-connecteurs-fibres-optiques-multivoies-enverres-pour-iter\\\/#primaryimage\",\"url\":\"https:\\\/\\\/www.sedi-ati.com\\\/wp-content\\\/uploads\\\/2024\\\/03\\\/Hermoptic\u00ae.jpg\",\"contentUrl\":\"https:\\\/\\\/www.sedi-ati.com\\\/wp-content\\\/uploads\\\/2024\\\/03\\\/Hermoptic\u00ae.jpg\",\"width\":300,\"height\":300},{\"@type\":\"BreadcrumbList\",\"@id\":\"https:\\\/\\\/www.sedi-ati.com\\\/fr\\\/des-connecteurs-fibres-optiques-multivoies-enverres-pour-iter\\\/#breadcrumb\",\"itemListElement\":[{\"@type\":\"ListItem\",\"position\":1,\"name\":\"Home\",\"item\":\"https:\\\/\\\/www.sedi-ati.com\\\/fr\\\/\"},{\"@type\":\"ListItem\",\"position\":2,\"name\":\"Actualit\u00e9s\",\"item\":\"https:\\\/\\\/www.sedi-ati.com\\\/fr\\\/category\\\/actualites\\\/\"},{\"@type\":\"ListItem\",\"position\":3,\"name\":\"Innovation\",\"item\":\"https:\\\/\\\/www.sedi-ati.com\\\/fr\\\/category\\\/actualites\\\/innovation\\\/\"},{\"@type\":\"ListItem\",\"position\":4,\"name\":\"Des connecteurs fibres optiques multivoies enverr\u00e9s pour ITER\"}]},{\"@type\":\"WebSite\",\"@id\":\"https:\\\/\\\/www.sedi-ati.com\\\/fr\\\/#website\",\"url\":\"https:\\\/\\\/www.sedi-ati.com\\\/fr\\\/\",\"name\":\"SEDI-ATI\",\"description\":\"Assemblages de fibres optiques sur mesure, bundles, fentes et pieuvres\",\"publisher\":{\"@id\":\"https:\\\/\\\/www.sedi-ati.com\\\/fr\\\/#organization\"},\"potentialAction\":[{\"@type\":\"SearchAction\",\"target\":{\"@type\":\"EntryPoint\",\"urlTemplate\":\"https:\\\/\\\/www.sedi-ati.com\\\/fr\\\/?s={search_term_string}\"},\"query-input\":{\"@type\":\"PropertyValueSpecification\",\"valueRequired\":true,\"valueName\":\"search_term_string\"}}],\"inLanguage\":\"fr-FR\"},{\"@type\":\"Organization\",\"@id\":\"https:\\\/\\\/www.sedi-ati.com\\\/fr\\\/#organization\",\"name\":\"SEDI-ATI\",\"url\":\"https:\\\/\\\/www.sedi-ati.com\\\/fr\\\/\",\"logo\":{\"@type\":\"ImageObject\",\"inLanguage\":\"fr-FR\",\"@id\":\"https:\\\/\\\/www.sedi-ati.com\\\/fr\\\/#\\\/schema\\\/logo\\\/image\\\/\",\"url\":\"https:\\\/\\\/www.sedi-ati.com\\\/wp-content\\\/uploads\\\/2019\\\/10\\\/Logo_SEDI-ATI_2019_avec-baseline.png\",\"contentUrl\":\"https:\\\/\\\/www.sedi-ati.com\\\/wp-content\\\/uploads\\\/2019\\\/10\\\/Logo_SEDI-ATI_2019_avec-baseline.png\",\"width\":300,\"height\":73,\"caption\":\"SEDI-ATI\"},\"image\":{\"@id\":\"https:\\\/\\\/www.sedi-ati.com\\\/fr\\\/#\\\/schema\\\/logo\\\/image\\\/\"},\"sameAs\":[\"https:\\\/\\\/www.linkedin.com\\\/company\\\/sedi-ati-fibres-optiques\\\/\",\"https:\\\/\\\/www.youtube.com\\\/@sedi-ati-fibres-optiques\"]},{\"@type\":\"Person\",\"@id\":\"https:\\\/\\\/www.sedi-ati.com\\\/fr\\\/#\\\/schema\\\/person\\\/127f22d86c7a71dc89861f80fbe34076\",\"name\":\"Ga\u00eblle CHEVIN\",\"image\":{\"@type\":\"ImageObject\",\"inLanguage\":\"fr-FR\",\"@id\":\"https:\\\/\\\/secure.gravatar.com\\\/avatar\\\/673d23c23aab5ac35e61ddcf788d2d4f36bc54cca624d898ff8f19924d12eac6?s=96&d=mm&r=g\",\"url\":\"https:\\\/\\\/secure.gravatar.com\\\/avatar\\\/673d23c23aab5ac35e61ddcf788d2d4f36bc54cca624d898ff8f19924d12eac6?s=96&d=mm&r=g\",\"contentUrl\":\"https:\\\/\\\/secure.gravatar.com\\\/avatar\\\/673d23c23aab5ac35e61ddcf788d2d4f36bc54cca624d898ff8f19924d12eac6?s=96&d=mm&r=g\",\"caption\":\"Ga\u00eblle CHEVIN\"},\"url\":\"https:\\\/\\\/www.sedi-ati.com\\\/fr\\\/author\\\/gchevin\\\/\"}]}<\/script>\n<!-- \/ Yoast SEO plugin. -->","yoast_head_json":{"title":"Des connecteurs fibres optiques multivoies enverr\u00e9s pour ITER - SEDI-ATI","description":"SEDI-ATI a r\u00e9alis\u00e9 Hermoptic\u00ae, une embase herm\u00e9tique multivoies optiques enverr\u00e9es 100% min\u00e9rale.","robots":{"index":"index","follow":"follow","max-snippet":"max-snippet:-1","max-image-preview":"max-image-preview:large","max-video-preview":"max-video-preview:-1"},"canonical":"https:\/\/www.sedi-ati.com\/fr\/des-connecteurs-fibres-optiques-multivoies-enverres-pour-iter\/","og_locale":"fr_FR","og_type":"article","og_title":"Des connecteurs fibres optiques multivoies enverr\u00e9s pour ITER - SEDI-ATI","og_description":"SEDI-ATI a r\u00e9alis\u00e9 Hermoptic\u00ae, une embase herm\u00e9tique multivoies optiques enverr\u00e9es 100% min\u00e9rale.","og_url":"https:\/\/www.sedi-ati.com\/fr\/des-connecteurs-fibres-optiques-multivoies-enverres-pour-iter\/","og_site_name":"SEDI-ATI","article_published_time":"2024-03-28T08:18:25+00:00","article_modified_time":"2024-03-28T09:18:25+00:00","og_image":[{"width":300,"height":300,"url":"https:\/\/www.sedi-ati.com\/wp-content\/uploads\/2024\/03\/Hermoptic\u00ae.jpg","type":"image\/jpeg"}],"author":"Ga\u00eblle CHEVIN","twitter_card":"summary_large_image","twitter_misc":{"\u00c9crit par":"Ga\u00eblle CHEVIN","Dur\u00e9e de lecture estim\u00e9e":"2 minutes"},"schema":{"@context":"https:\/\/schema.org","@graph":[{"@type":"Article","@id":"https:\/\/www.sedi-ati.com\/fr\/des-connecteurs-fibres-optiques-multivoies-enverres-pour-iter\/#article","isPartOf":{"@id":"https:\/\/www.sedi-ati.com\/fr\/des-connecteurs-fibres-optiques-multivoies-enverres-pour-iter\/"},"author":{"name":"Ga\u00eblle CHEVIN","@id":"https:\/\/www.sedi-ati.com\/fr\/#\/schema\/person\/127f22d86c7a71dc89861f80fbe34076"},"headline":"Des connecteurs fibres optiques multivoies enverr\u00e9s pour ITER","datePublished":"2024-03-28T08:18:25+00:00","dateModified":"2024-03-28T09:18:25+00:00","mainEntityOfPage":{"@id":"https:\/\/www.sedi-ati.com\/fr\/des-connecteurs-fibres-optiques-multivoies-enverres-pour-iter\/"},"wordCount":595,"commentCount":0,"publisher":{"@id":"https:\/\/www.sedi-ati.com\/fr\/#organization"},"image":{"@id":"https:\/\/www.sedi-ati.com\/fr\/des-connecteurs-fibres-optiques-multivoies-enverres-pour-iter\/#primaryimage"},"thumbnailUrl":"https:\/\/www.sedi-ati.com\/wp-content\/uploads\/2024\/03\/Hermoptic\u00ae.jpg","articleSection":["Innovation"],"inLanguage":"fr-FR"},{"@type":"WebPage","@id":"https:\/\/www.sedi-ati.com\/fr\/des-connecteurs-fibres-optiques-multivoies-enverres-pour-iter\/","url":"https:\/\/www.sedi-ati.com\/fr\/des-connecteurs-fibres-optiques-multivoies-enverres-pour-iter\/","name":"Des connecteurs fibres optiques multivoies enverr\u00e9s pour ITER - SEDI-ATI","isPartOf":{"@id":"https:\/\/www.sedi-ati.com\/fr\/#website"},"primaryImageOfPage":{"@id":"https:\/\/www.sedi-ati.com\/fr\/des-connecteurs-fibres-optiques-multivoies-enverres-pour-iter\/#primaryimage"},"image":{"@id":"https:\/\/www.sedi-ati.com\/fr\/des-connecteurs-fibres-optiques-multivoies-enverres-pour-iter\/#primaryimage"},"thumbnailUrl":"https:\/\/www.sedi-ati.com\/wp-content\/uploads\/2024\/03\/Hermoptic\u00ae.jpg","datePublished":"2024-03-28T08:18:25+00:00","dateModified":"2024-03-28T09:18:25+00:00","description":"SEDI-ATI a r\u00e9alis\u00e9 Hermoptic\u00ae, une embase herm\u00e9tique multivoies optiques enverr\u00e9es 100% min\u00e9rale.","breadcrumb":{"@id":"https:\/\/www.sedi-ati.com\/fr\/des-connecteurs-fibres-optiques-multivoies-enverres-pour-iter\/#breadcrumb"},"inLanguage":"fr-FR","potentialAction":[{"@type":"ReadAction","target":["https:\/\/www.sedi-ati.com\/fr\/des-connecteurs-fibres-optiques-multivoies-enverres-pour-iter\/"]}]},{"@type":"ImageObject","inLanguage":"fr-FR","@id":"https:\/\/www.sedi-ati.com\/fr\/des-connecteurs-fibres-optiques-multivoies-enverres-pour-iter\/#primaryimage","url":"https:\/\/www.sedi-ati.com\/wp-content\/uploads\/2024\/03\/Hermoptic\u00ae.jpg","contentUrl":"https:\/\/www.sedi-ati.com\/wp-content\/uploads\/2024\/03\/Hermoptic\u00ae.jpg","width":300,"height":300},{"@type":"BreadcrumbList","@id":"https:\/\/www.sedi-ati.com\/fr\/des-connecteurs-fibres-optiques-multivoies-enverres-pour-iter\/#breadcrumb","itemListElement":[{"@type":"ListItem","position":1,"name":"Home","item":"https:\/\/www.sedi-ati.com\/fr\/"},{"@type":"ListItem","position":2,"name":"Actualit\u00e9s","item":"https:\/\/www.sedi-ati.com\/fr\/category\/actualites\/"},{"@type":"ListItem","position":3,"name":"Innovation","item":"https:\/\/www.sedi-ati.com\/fr\/category\/actualites\/innovation\/"},{"@type":"ListItem","position":4,"name":"Des connecteurs fibres optiques multivoies enverr\u00e9s pour ITER"}]},{"@type":"WebSite","@id":"https:\/\/www.sedi-ati.com\/fr\/#website","url":"https:\/\/www.sedi-ati.com\/fr\/","name":"SEDI-ATI","description":"Assemblages de fibres optiques sur mesure, bundles, fentes et pieuvres","publisher":{"@id":"https:\/\/www.sedi-ati.com\/fr\/#organization"},"potentialAction":[{"@type":"SearchAction","target":{"@type":"EntryPoint","urlTemplate":"https:\/\/www.sedi-ati.com\/fr\/?s={search_term_string}"},"query-input":{"@type":"PropertyValueSpecification","valueRequired":true,"valueName":"search_term_string"}}],"inLanguage":"fr-FR"},{"@type":"Organization","@id":"https:\/\/www.sedi-ati.com\/fr\/#organization","name":"SEDI-ATI","url":"https:\/\/www.sedi-ati.com\/fr\/","logo":{"@type":"ImageObject","inLanguage":"fr-FR","@id":"https:\/\/www.sedi-ati.com\/fr\/#\/schema\/logo\/image\/","url":"https:\/\/www.sedi-ati.com\/wp-content\/uploads\/2019\/10\/Logo_SEDI-ATI_2019_avec-baseline.png","contentUrl":"https:\/\/www.sedi-ati.com\/wp-content\/uploads\/2019\/10\/Logo_SEDI-ATI_2019_avec-baseline.png","width":300,"height":73,"caption":"SEDI-ATI"},"image":{"@id":"https:\/\/www.sedi-ati.com\/fr\/#\/schema\/logo\/image\/"},"sameAs":["https:\/\/www.linkedin.com\/company\/sedi-ati-fibres-optiques\/","https:\/\/www.youtube.com\/@sedi-ati-fibres-optiques"]},{"@type":"Person","@id":"https:\/\/www.sedi-ati.com\/fr\/#\/schema\/person\/127f22d86c7a71dc89861f80fbe34076","name":"Ga\u00eblle CHEVIN","image":{"@type":"ImageObject","inLanguage":"fr-FR","@id":"https:\/\/secure.gravatar.com\/avatar\/673d23c23aab5ac35e61ddcf788d2d4f36bc54cca624d898ff8f19924d12eac6?s=96&d=mm&r=g","url":"https:\/\/secure.gravatar.com\/avatar\/673d23c23aab5ac35e61ddcf788d2d4f36bc54cca624d898ff8f19924d12eac6?s=96&d=mm&r=g","contentUrl":"https:\/\/secure.gravatar.com\/avatar\/673d23c23aab5ac35e61ddcf788d2d4f36bc54cca624d898ff8f19924d12eac6?s=96&d=mm&r=g","caption":"Ga\u00eblle CHEVIN"},"url":"https:\/\/www.sedi-ati.com\/fr\/author\/gchevin\/"}]}},"_links":{"self":[{"href":"https:\/\/www.sedi-ati.com\/fr\/wp-json\/wp\/v2\/posts\/18873","targetHints":{"allow":["GET"]}}],"collection":[{"href":"https:\/\/www.sedi-ati.com\/fr\/wp-json\/wp\/v2\/posts"}],"about":[{"href":"https:\/\/www.sedi-ati.com\/fr\/wp-json\/wp\/v2\/types\/post"}],"author":[{"embeddable":true,"href":"https:\/\/www.sedi-ati.com\/fr\/wp-json\/wp\/v2\/users\/7"}],"replies":[{"embeddable":true,"href":"https:\/\/www.sedi-ati.com\/fr\/wp-json\/wp\/v2\/comments?post=18873"}],"version-history":[{"count":5,"href":"https:\/\/www.sedi-ati.com\/fr\/wp-json\/wp\/v2\/posts\/18873\/revisions"}],"predecessor-version":[{"id":18987,"href":"https:\/\/www.sedi-ati.com\/fr\/wp-json\/wp\/v2\/posts\/18873\/revisions\/18987"}],"wp:featuredmedia":[{"embeddable":true,"href":"https:\/\/www.sedi-ati.com\/fr\/wp-json\/wp\/v2\/media\/18990"}],"wp:attachment":[{"href":"https:\/\/www.sedi-ati.com\/fr\/wp-json\/wp\/v2\/media?parent=18873"}],"wp:term":[{"taxonomy":"category","embeddable":true,"href":"https:\/\/www.sedi-ati.com\/fr\/wp-json\/wp\/v2\/categories?post=18873"},{"taxonomy":"post_tag","embeddable":true,"href":"https:\/\/www.sedi-ati.com\/fr\/wp-json\/wp\/v2\/tags?post=18873"}],"curies":[{"name":"wp","href":"https:\/\/api.w.org\/{rel}","templated":true}]}}