{"id":18949,"date":"2024-04-05T12:16:33","date_gmt":"2024-04-05T10:16:33","guid":{"rendered":"https:\/\/www.sedi-ati.com\/?p=18949"},"modified":"2024-04-05T12:16:33","modified_gmt":"2024-04-05T10:16:33","slug":"opd2024-rencontrez-sedi-ati-a-helsinki","status":"publish","type":"post","link":"https:\/\/www.sedi-ati.com\/fr\/opd2024-rencontrez-sedi-ati-a-helsinki\/","title":{"rendered":"[OPD2024] Rencontrez SEDI-ATI \u00e0 Helsinki !"},"content":{"rendered":"<section class=\"wpb-content-wrapper\"><p>[vc_row full_width=\u00a0\u00bbstretch_row\u00a0\u00bb content_placement=\u00a0\u00bbmiddle\u00a0\u00bb el_class=\u00a0\u00bbz-index-1 chevauchement-horizontal-range range-applications\u00a0\u00bb][vc_column width=\u00a0\u00bb3\/5&Prime; el_class=\u00a0\u00bbshadow border-radius-hd-bd line-bottom line-blue txt-blanc block-grand-text\u00a0\u00bb css=\u00a0\u00bb.vc_custom_1695800359783{background-color: #4c4d4f !important;}\u00a0\u00bb][vc_raw_html el_class=\u00a0\u00bbgros-titre flex-column-mobile\u00a0\u00bb]JTNDcCUzRU9wdGljcyUyNlBob3RvbmljcyUzQ3NwYW4lMjBjbGFzcyUzRCUyMnBvaW50LXJvdWdlJTIyJTNFJTNDJTJGc3BhbiUzRURheXMlM0MlMkZwJTNF[\/vc_raw_html][vc_column_text]Venez rencontrer SEDI-ATI Fibres Optiques lors des Optics and Photonics Days \u00e0 Helsinki, du 28 au 30 mai 2024.[\/vc_column_text][vc_btn title=\u00a0\u00bbContactez-nous\u00a0\u00bb style=\u00a0\u00bbcustom\u00a0\u00bb custom_background=\u00a0\u00bb#132f40&Prime; custom_text=\u00a0\u00bb#ffffff\u00a0\u00bb shape=\u00a0\u00bbsquare\u00a0\u00bb link=\u00a0\u00bburl:https%3A%2F%2Fwww.sedi-ati.com%2Ffr%2Fcontact%2F\u00a0\u00bb el_class=\u00a0\u00bbline-bottom line-blue\u00a0\u00bb][\/vc_column][vc_column width=\u00a0\u00bb1\/2&Prime;][vc_single_image image=\u00a0\u00bb19143&Prime; img_size=\u00a0\u00bbfull\u00a0\u00bb][\/vc_column][\/vc_row][vc_row][vc_column][vc_column_text el_class=\u00a0\u00bbpetit-titre petit-titre-txt\u00a0\u00bb]<\/p>\n<h3>Retrouvez SEDI-ATI lors des Optics and Photonics Days<\/h3>\n<p>[\/vc_column_text][vc_column_text]Nous avons le plaisir de vous informer que SEDI-ATI Fibres Optiques participera aux <strong>Optics and Photonics<\/strong> <strong>Days<\/strong>,\u00a0du <strong>28 au 30 mai 2024<\/strong> ! Vous retrouvez notre Technico-commercial <a href=\"https:\/\/www.sedi-ati.com\/fr\/equipe\/axel-guede-technico-commercial\/\">Axel Gu\u00e9d\u00e9<\/a>, et notre Directrice Commerciale et Marketing <a href=\"https:\/\/www.sedi-ati.com\/fr\/equipe\/claire-guyonnet-directrice-commerciale-marketing\/\">Claire Guyonnet<\/a>, qui auront le plaisir de vous accueillir \u00e0 notre stand.<\/p>\n<p>Ils vous pr\u00e9senteront nos diff\u00e9rentes gammes produits comme nos <strong>coupleurs<\/strong> et nos <strong>multiplexeurs<\/strong>, nos <strong>travers\u00e9es<\/strong> <strong>\u00e9tanches<\/strong>, ainsi que nos <strong>bundles<\/strong> pour spectroscopie :[\/vc_column_text][\/vc_column][\/vc_row][vc_row][vc_column][vc_row_inner content_placement=\u00a0\u00bbmiddle\u00a0\u00bb][vc_column_inner width=\u00a0\u00bb1\/6&Prime;][\/vc_column_inner][vc_column_inner width=\u00a0\u00bb1\/6&Prime;][vc_single_image image=\u00a0\u00bb17393&Prime; img_size=\u00a0\u00bbmedium\u00a0\u00bb add_caption=\u00a0\u00bbyes\u00a0\u00bb alignment=\u00a0\u00bbcenter\u00a0\u00bb style=\u00a0\u00bbvc_box_outline\u00a0\u00bb onclick=\u00a0\u00bbcustom_link\u00a0\u00bb img_link_target=\u00a0\u00bb_blank\u00a0\u00bb link=\u00a0\u00bbhttps:\/\/www.sedi-ati.com\/fr\/traversees-et-passages-etanches-a-fibres-optiques\/\u00a0\u00bb][\/vc_column_inner][vc_column_inner width=\u00a0\u00bb1\/6&Prime;][vc_single_image image=\u00a0\u00bb17395&Prime; img_size=\u00a0\u00bbmedium\u00a0\u00bb add_caption=\u00a0\u00bbyes\u00a0\u00bb alignment=\u00a0\u00bbcenter\u00a0\u00bb style=\u00a0\u00bbvc_box_outline\u00a0\u00bb onclick=\u00a0\u00bbcustom_link\u00a0\u00bb img_link_target=\u00a0\u00bb_blank\u00a0\u00bb link=\u00a0\u00bbhttps:\/\/www.sedi-ati.com\/fr\/multiplexeurs-de-longueurs-dondes-multimodes\/\u00a0\u00bb][\/vc_column_inner][vc_column_inner width=\u00a0\u00bb1\/6&Prime;][vc_single_image image=\u00a0\u00bb17692&Prime; img_size=\u00a0\u00bbmedium\u00a0\u00bb add_caption=\u00a0\u00bbyes\u00a0\u00bb alignment=\u00a0\u00bbcenter\u00a0\u00bb style=\u00a0\u00bbvc_box_outline\u00a0\u00bb onclick=\u00a0\u00bbcustom_link\u00a0\u00bb img_link_target=\u00a0\u00bb_blank\u00a0\u00bb link=\u00a0\u00bbhttps:\/\/www.sedi-ati.com\/fr\/coupleurs-fibre-optique-multimodes\/\u00a0\u00bb][\/vc_column_inner][vc_column_inner width=\u00a0\u00bb1\/6&Prime;][vc_single_image image=\u00a0\u00bb18079&Prime; img_size=\u00a0\u00bbmedium\u00a0\u00bb add_caption=\u00a0\u00bbyes\u00a0\u00bb alignment=\u00a0\u00bbcenter\u00a0\u00bb style=\u00a0\u00bbvc_box_outline\u00a0\u00bb onclick=\u00a0\u00bbcustom_link\u00a0\u00bb img_link_target=\u00a0\u00bb_blank\u00a0\u00bb link=\u00a0\u00bbhttps:\/\/www.sedi-ati.com\/fr\/assemblages-de-fibres-optiques-sur-mesure-bundles-fentes-et-pieuvres\/bundle-fibres-optiques-spectroscopie\/\u00a0\u00bb][\/vc_column_inner][vc_column_inner width=\u00a0\u00bb1\/6&Prime;][\/vc_column_inner][\/vc_row_inner][vc_row_inner][vc_column_inner][vc_column_text]Au programme pour ces trois jours :<\/p>\n<ul>\n<li>Des conf\u00e9rences;<\/li>\n<li>Des expositions;<\/li>\n<li>Du r\u00e9seautage;<\/li>\n<li>Des sessions de Pitch;<\/li>\n<li>Des remises de prix,&#8230;<\/li>\n<\/ul>\n<p>Alors n&rsquo;attendez plus et venez nous rencontrer en <strong>Finlande <\/strong>du<strong> 28 au 30 mai 2024<\/strong> au <strong>Scandic Marina Congress Center<\/strong> \u00e0<strong> Helsinki <\/strong>![\/vc_column_text][\/vc_column_inner][\/vc_row_inner][\/vc_column][\/vc_row][vc_row full_width=\u00a0\u00bbstretch_row\u00a0\u00bb content_placement=\u00a0\u00bbmiddle\u00a0\u00bb css=\u00a0\u00bb.vc_custom_1695801406813{background-color: #a4a9ad !important;}\u00a0\u00bb][vc_column][vc_row_inner][vc_column_inner width=\u00a0\u00bb1\/6&Prime;][\/vc_column_inner][vc_column_inner el_class=\u00a0\u00bbshadow border-radius-hd-bd line-bottom line-blue\u00a0\u00bb width=\u00a0\u00bb2\/3&Prime; css=\u00a0\u00bb.vc_custom_1695816650128{background-color: #ffffff !important;}\u00a0\u00bb][vc_btn title=\u00a0\u00bbJe m&rsquo;inscris\u00a0\u00bb style=\u00a0\u00bbcustom\u00a0\u00bb custom_background=\u00a0\u00bb#132f40&Prime; custom_text=\u00a0\u00bb#ffffff\u00a0\u00bb shape=\u00a0\u00bbsquare\u00a0\u00bb align=\u00a0\u00bbcenter\u00a0\u00bb link=\u00a0\u00bburl:https%3A%2F%2Fwww.photonics.fi%2Fopd2024%2F|target:_blank\u00a0\u00bb el_class=\u00a0\u00bbline-bottom line-blue\u00a0\u00bb css=\u00a0\u00bb.vc_custom_1712303156630{margin-top: 5px !important;border-top-width: 5px !important;padding-top: 15px !important;background-color: #ffffff !important;}\u00a0\u00bb][\/vc_column_inner][vc_column_inner width=\u00a0\u00bb1\/6&Prime;][\/vc_column_inner][\/vc_row_inner][\/vc_column][\/vc_row][vc_row][vc_column][vc_btn title=\u00a0\u00bb^\u00a0\u00bb style=\u00a0\u00bbflat\u00a0\u00bb shape=\u00a0\u00bbsquare\u00a0\u00bb link=\u00a0\u00bburl:%23Wrapper\u00a0\u00bb el_class=\u00a0\u00bbbtn-haut\u00a0\u00bb][\/vc_column][\/vc_row]<\/p>\n<\/section>","protected":false},"excerpt":{"rendered":"<p>Venez rencontrer SEDI-ATI Fibres Optiques lors des Optics and Photonics Days \u00e0 Helsinki, du 28 au 30 mai 2024.<\/p>\n","protected":false},"author":7,"featured_media":19145,"comment_status":"open","ping_status":"open","sticky":false,"template":"","format":"standard","meta":{"_acf_changed":false,"rs_blank_template":"","rs_page_bg_color":"","slide_template_v7":"","footnotes":""},"categories":[51923],"tags":[],"class_list":["post-18949","post","type-post","status-publish","format-standard","has-post-thumbnail","hentry","category-salons"],"acf":[],"yoast_head":"<!-- This site is optimized with the Yoast SEO plugin v27.5 - https:\/\/yoast.com\/product\/yoast-seo-wordpress\/ -->\n<title>[OPD2024] Rencontrez SEDI-ATI \u00e0 Helsinki !<\/title>\n<meta name=\"description\" content=\"Venez rencontrer SEDI-ATI Fibres Optiques lors des Optics and Photonics Days \u00e0 Helsinki, du 28 au 30 mai 2024.\" \/>\n<meta name=\"robots\" content=\"index, follow, max-snippet:-1, max-image-preview:large, max-video-preview:-1\" \/>\n<link rel=\"canonical\" href=\"https:\/\/www.sedi-ati.com\/fr\/opd2024-rencontrez-sedi-ati-a-helsinki\/\" \/>\n<meta property=\"og:locale\" content=\"fr_FR\" \/>\n<meta property=\"og:type\" content=\"article\" \/>\n<meta property=\"og:title\" content=\"[OPD2024] Rencontrez SEDI-ATI \u00e0 Helsinki !\" \/>\n<meta property=\"og:description\" content=\"Venez rencontrer SEDI-ATI Fibres Optiques lors des Optics and Photonics Days \u00e0 Helsinki, du 28 au 30 mai 2024.\" \/>\n<meta property=\"og:url\" content=\"https:\/\/www.sedi-ati.com\/fr\/opd2024-rencontrez-sedi-ati-a-helsinki\/\" \/>\n<meta property=\"og:site_name\" content=\"SEDI-ATI\" \/>\n<meta property=\"article:published_time\" content=\"2024-04-05T10:16:33+00:00\" \/>\n<meta property=\"og:image\" content=\"https:\/\/www.sedi-ati.com\/wp-content\/uploads\/2024\/04\/OPD2024-FR-1.jpg\" \/>\n\t<meta property=\"og:image:width\" content=\"300\" \/>\n\t<meta property=\"og:image:height\" content=\"300\" \/>\n\t<meta property=\"og:image:type\" content=\"image\/jpeg\" \/>\n<meta name=\"author\" content=\"Ga\u00eblle CHEVIN\" \/>\n<meta name=\"twitter:card\" content=\"summary_large_image\" \/>\n<meta name=\"twitter:label1\" content=\"\u00c9crit par\" \/>\n\t<meta name=\"twitter:data1\" content=\"Ga\u00eblle CHEVIN\" \/>\n\t<meta name=\"twitter:label2\" content=\"Dur\u00e9e de lecture estim\u00e9e\" \/>\n\t<meta name=\"twitter:data2\" content=\"2 minutes\" \/>\n<script type=\"application\/ld+json\" class=\"yoast-schema-graph\">{\"@context\":\"https:\\\/\\\/schema.org\",\"@graph\":[{\"@type\":\"Article\",\"@id\":\"https:\\\/\\\/www.sedi-ati.com\\\/fr\\\/opd2024-rencontrez-sedi-ati-a-helsinki\\\/#article\",\"isPartOf\":{\"@id\":\"https:\\\/\\\/www.sedi-ati.com\\\/fr\\\/opd2024-rencontrez-sedi-ati-a-helsinki\\\/\"},\"author\":{\"name\":\"Ga\u00eblle CHEVIN\",\"@id\":\"https:\\\/\\\/www.sedi-ati.com\\\/fr\\\/#\\\/schema\\\/person\\\/127f22d86c7a71dc89861f80fbe34076\"},\"headline\":\"[OPD2024] Rencontrez SEDI-ATI \u00e0 Helsinki !\",\"datePublished\":\"2024-04-05T10:16:33+00:00\",\"mainEntityOfPage\":{\"@id\":\"https:\\\/\\\/www.sedi-ati.com\\\/fr\\\/opd2024-rencontrez-sedi-ati-a-helsinki\\\/\"},\"wordCount\":593,\"commentCount\":0,\"publisher\":{\"@id\":\"https:\\\/\\\/www.sedi-ati.com\\\/fr\\\/#organization\"},\"image\":{\"@id\":\"https:\\\/\\\/www.sedi-ati.com\\\/fr\\\/opd2024-rencontrez-sedi-ati-a-helsinki\\\/#primaryimage\"},\"thumbnailUrl\":\"https:\\\/\\\/www.sedi-ati.com\\\/wp-content\\\/uploads\\\/2024\\\/04\\\/OPD2024-FR-1.jpg\",\"articleSection\":[\"Salons\"],\"inLanguage\":\"fr-FR\"},{\"@type\":\"WebPage\",\"@id\":\"https:\\\/\\\/www.sedi-ati.com\\\/fr\\\/opd2024-rencontrez-sedi-ati-a-helsinki\\\/\",\"url\":\"https:\\\/\\\/www.sedi-ati.com\\\/fr\\\/opd2024-rencontrez-sedi-ati-a-helsinki\\\/\",\"name\":\"[OPD2024] Rencontrez SEDI-ATI \u00e0 Helsinki !\",\"isPartOf\":{\"@id\":\"https:\\\/\\\/www.sedi-ati.com\\\/fr\\\/#website\"},\"primaryImageOfPage\":{\"@id\":\"https:\\\/\\\/www.sedi-ati.com\\\/fr\\\/opd2024-rencontrez-sedi-ati-a-helsinki\\\/#primaryimage\"},\"image\":{\"@id\":\"https:\\\/\\\/www.sedi-ati.com\\\/fr\\\/opd2024-rencontrez-sedi-ati-a-helsinki\\\/#primaryimage\"},\"thumbnailUrl\":\"https:\\\/\\\/www.sedi-ati.com\\\/wp-content\\\/uploads\\\/2024\\\/04\\\/OPD2024-FR-1.jpg\",\"datePublished\":\"2024-04-05T10:16:33+00:00\",\"description\":\"Venez rencontrer SEDI-ATI Fibres Optiques lors des Optics and Photonics Days \u00e0 Helsinki, du 28 au 30 mai 2024.\",\"breadcrumb\":{\"@id\":\"https:\\\/\\\/www.sedi-ati.com\\\/fr\\\/opd2024-rencontrez-sedi-ati-a-helsinki\\\/#breadcrumb\"},\"inLanguage\":\"fr-FR\",\"potentialAction\":[{\"@type\":\"ReadAction\",\"target\":[\"https:\\\/\\\/www.sedi-ati.com\\\/fr\\\/opd2024-rencontrez-sedi-ati-a-helsinki\\\/\"]}]},{\"@type\":\"ImageObject\",\"inLanguage\":\"fr-FR\",\"@id\":\"https:\\\/\\\/www.sedi-ati.com\\\/fr\\\/opd2024-rencontrez-sedi-ati-a-helsinki\\\/#primaryimage\",\"url\":\"https:\\\/\\\/www.sedi-ati.com\\\/wp-content\\\/uploads\\\/2024\\\/04\\\/OPD2024-FR-1.jpg\",\"contentUrl\":\"https:\\\/\\\/www.sedi-ati.com\\\/wp-content\\\/uploads\\\/2024\\\/04\\\/OPD2024-FR-1.jpg\",\"width\":300,\"height\":300},{\"@type\":\"BreadcrumbList\",\"@id\":\"https:\\\/\\\/www.sedi-ati.com\\\/fr\\\/opd2024-rencontrez-sedi-ati-a-helsinki\\\/#breadcrumb\",\"itemListElement\":[{\"@type\":\"ListItem\",\"position\":1,\"name\":\"Home\",\"item\":\"https:\\\/\\\/www.sedi-ati.com\\\/fr\\\/\"},{\"@type\":\"ListItem\",\"position\":2,\"name\":\"Actualit\u00e9s\",\"item\":\"https:\\\/\\\/www.sedi-ati.com\\\/fr\\\/category\\\/actualites\\\/\"},{\"@type\":\"ListItem\",\"position\":3,\"name\":\"Salons\",\"item\":\"https:\\\/\\\/www.sedi-ati.com\\\/fr\\\/category\\\/actualites\\\/salons\\\/\"},{\"@type\":\"ListItem\",\"position\":4,\"name\":\"[OPD2024] Rencontrez SEDI-ATI \u00e0 Helsinki !\"}]},{\"@type\":\"WebSite\",\"@id\":\"https:\\\/\\\/www.sedi-ati.com\\\/fr\\\/#website\",\"url\":\"https:\\\/\\\/www.sedi-ati.com\\\/fr\\\/\",\"name\":\"SEDI-ATI\",\"description\":\"Assemblages de fibres optiques sur mesure, bundles, fentes et pieuvres\",\"publisher\":{\"@id\":\"https:\\\/\\\/www.sedi-ati.com\\\/fr\\\/#organization\"},\"potentialAction\":[{\"@type\":\"SearchAction\",\"target\":{\"@type\":\"EntryPoint\",\"urlTemplate\":\"https:\\\/\\\/www.sedi-ati.com\\\/fr\\\/?s={search_term_string}\"},\"query-input\":{\"@type\":\"PropertyValueSpecification\",\"valueRequired\":true,\"valueName\":\"search_term_string\"}}],\"inLanguage\":\"fr-FR\"},{\"@type\":\"Organization\",\"@id\":\"https:\\\/\\\/www.sedi-ati.com\\\/fr\\\/#organization\",\"name\":\"SEDI-ATI\",\"url\":\"https:\\\/\\\/www.sedi-ati.com\\\/fr\\\/\",\"logo\":{\"@type\":\"ImageObject\",\"inLanguage\":\"fr-FR\",\"@id\":\"https:\\\/\\\/www.sedi-ati.com\\\/fr\\\/#\\\/schema\\\/logo\\\/image\\\/\",\"url\":\"https:\\\/\\\/www.sedi-ati.com\\\/wp-content\\\/uploads\\\/2019\\\/10\\\/Logo_SEDI-ATI_2019_avec-baseline.png\",\"contentUrl\":\"https:\\\/\\\/www.sedi-ati.com\\\/wp-content\\\/uploads\\\/2019\\\/10\\\/Logo_SEDI-ATI_2019_avec-baseline.png\",\"width\":300,\"height\":73,\"caption\":\"SEDI-ATI\"},\"image\":{\"@id\":\"https:\\\/\\\/www.sedi-ati.com\\\/fr\\\/#\\\/schema\\\/logo\\\/image\\\/\"},\"sameAs\":[\"https:\\\/\\\/www.linkedin.com\\\/company\\\/sedi-ati-fibres-optiques\\\/\",\"https:\\\/\\\/www.youtube.com\\\/@sedi-ati-fibres-optiques\"]},{\"@type\":\"Person\",\"@id\":\"https:\\\/\\\/www.sedi-ati.com\\\/fr\\\/#\\\/schema\\\/person\\\/127f22d86c7a71dc89861f80fbe34076\",\"name\":\"Ga\u00eblle CHEVIN\",\"image\":{\"@type\":\"ImageObject\",\"inLanguage\":\"fr-FR\",\"@id\":\"https:\\\/\\\/secure.gravatar.com\\\/avatar\\\/673d23c23aab5ac35e61ddcf788d2d4f36bc54cca624d898ff8f19924d12eac6?s=96&d=mm&r=g\",\"url\":\"https:\\\/\\\/secure.gravatar.com\\\/avatar\\\/673d23c23aab5ac35e61ddcf788d2d4f36bc54cca624d898ff8f19924d12eac6?s=96&d=mm&r=g\",\"contentUrl\":\"https:\\\/\\\/secure.gravatar.com\\\/avatar\\\/673d23c23aab5ac35e61ddcf788d2d4f36bc54cca624d898ff8f19924d12eac6?s=96&d=mm&r=g\",\"caption\":\"Ga\u00eblle CHEVIN\"},\"url\":\"https:\\\/\\\/www.sedi-ati.com\\\/fr\\\/author\\\/gchevin\\\/\"}]}<\/script>\n<!-- \/ Yoast SEO plugin. -->","yoast_head_json":{"title":"[OPD2024] Rencontrez SEDI-ATI \u00e0 Helsinki !","description":"Venez rencontrer SEDI-ATI Fibres Optiques lors des Optics and Photonics Days \u00e0 Helsinki, du 28 au 30 mai 2024.","robots":{"index":"index","follow":"follow","max-snippet":"max-snippet:-1","max-image-preview":"max-image-preview:large","max-video-preview":"max-video-preview:-1"},"canonical":"https:\/\/www.sedi-ati.com\/fr\/opd2024-rencontrez-sedi-ati-a-helsinki\/","og_locale":"fr_FR","og_type":"article","og_title":"[OPD2024] Rencontrez SEDI-ATI \u00e0 Helsinki !","og_description":"Venez rencontrer SEDI-ATI Fibres Optiques lors des Optics and Photonics Days \u00e0 Helsinki, du 28 au 30 mai 2024.","og_url":"https:\/\/www.sedi-ati.com\/fr\/opd2024-rencontrez-sedi-ati-a-helsinki\/","og_site_name":"SEDI-ATI","article_published_time":"2024-04-05T10:16:33+00:00","og_image":[{"width":300,"height":300,"url":"https:\/\/www.sedi-ati.com\/wp-content\/uploads\/2024\/04\/OPD2024-FR-1.jpg","type":"image\/jpeg"}],"author":"Ga\u00eblle CHEVIN","twitter_card":"summary_large_image","twitter_misc":{"\u00c9crit par":"Ga\u00eblle CHEVIN","Dur\u00e9e de lecture estim\u00e9e":"2 minutes"},"schema":{"@context":"https:\/\/schema.org","@graph":[{"@type":"Article","@id":"https:\/\/www.sedi-ati.com\/fr\/opd2024-rencontrez-sedi-ati-a-helsinki\/#article","isPartOf":{"@id":"https:\/\/www.sedi-ati.com\/fr\/opd2024-rencontrez-sedi-ati-a-helsinki\/"},"author":{"name":"Ga\u00eblle CHEVIN","@id":"https:\/\/www.sedi-ati.com\/fr\/#\/schema\/person\/127f22d86c7a71dc89861f80fbe34076"},"headline":"[OPD2024] Rencontrez SEDI-ATI \u00e0 Helsinki !","datePublished":"2024-04-05T10:16:33+00:00","mainEntityOfPage":{"@id":"https:\/\/www.sedi-ati.com\/fr\/opd2024-rencontrez-sedi-ati-a-helsinki\/"},"wordCount":593,"commentCount":0,"publisher":{"@id":"https:\/\/www.sedi-ati.com\/fr\/#organization"},"image":{"@id":"https:\/\/www.sedi-ati.com\/fr\/opd2024-rencontrez-sedi-ati-a-helsinki\/#primaryimage"},"thumbnailUrl":"https:\/\/www.sedi-ati.com\/wp-content\/uploads\/2024\/04\/OPD2024-FR-1.jpg","articleSection":["Salons"],"inLanguage":"fr-FR"},{"@type":"WebPage","@id":"https:\/\/www.sedi-ati.com\/fr\/opd2024-rencontrez-sedi-ati-a-helsinki\/","url":"https:\/\/www.sedi-ati.com\/fr\/opd2024-rencontrez-sedi-ati-a-helsinki\/","name":"[OPD2024] Rencontrez SEDI-ATI \u00e0 Helsinki !","isPartOf":{"@id":"https:\/\/www.sedi-ati.com\/fr\/#website"},"primaryImageOfPage":{"@id":"https:\/\/www.sedi-ati.com\/fr\/opd2024-rencontrez-sedi-ati-a-helsinki\/#primaryimage"},"image":{"@id":"https:\/\/www.sedi-ati.com\/fr\/opd2024-rencontrez-sedi-ati-a-helsinki\/#primaryimage"},"thumbnailUrl":"https:\/\/www.sedi-ati.com\/wp-content\/uploads\/2024\/04\/OPD2024-FR-1.jpg","datePublished":"2024-04-05T10:16:33+00:00","description":"Venez rencontrer SEDI-ATI Fibres Optiques lors des Optics and Photonics Days \u00e0 Helsinki, du 28 au 30 mai 2024.","breadcrumb":{"@id":"https:\/\/www.sedi-ati.com\/fr\/opd2024-rencontrez-sedi-ati-a-helsinki\/#breadcrumb"},"inLanguage":"fr-FR","potentialAction":[{"@type":"ReadAction","target":["https:\/\/www.sedi-ati.com\/fr\/opd2024-rencontrez-sedi-ati-a-helsinki\/"]}]},{"@type":"ImageObject","inLanguage":"fr-FR","@id":"https:\/\/www.sedi-ati.com\/fr\/opd2024-rencontrez-sedi-ati-a-helsinki\/#primaryimage","url":"https:\/\/www.sedi-ati.com\/wp-content\/uploads\/2024\/04\/OPD2024-FR-1.jpg","contentUrl":"https:\/\/www.sedi-ati.com\/wp-content\/uploads\/2024\/04\/OPD2024-FR-1.jpg","width":300,"height":300},{"@type":"BreadcrumbList","@id":"https:\/\/www.sedi-ati.com\/fr\/opd2024-rencontrez-sedi-ati-a-helsinki\/#breadcrumb","itemListElement":[{"@type":"ListItem","position":1,"name":"Home","item":"https:\/\/www.sedi-ati.com\/fr\/"},{"@type":"ListItem","position":2,"name":"Actualit\u00e9s","item":"https:\/\/www.sedi-ati.com\/fr\/category\/actualites\/"},{"@type":"ListItem","position":3,"name":"Salons","item":"https:\/\/www.sedi-ati.com\/fr\/category\/actualites\/salons\/"},{"@type":"ListItem","position":4,"name":"[OPD2024] Rencontrez SEDI-ATI \u00e0 Helsinki !"}]},{"@type":"WebSite","@id":"https:\/\/www.sedi-ati.com\/fr\/#website","url":"https:\/\/www.sedi-ati.com\/fr\/","name":"SEDI-ATI","description":"Assemblages de fibres optiques sur mesure, bundles, fentes et pieuvres","publisher":{"@id":"https:\/\/www.sedi-ati.com\/fr\/#organization"},"potentialAction":[{"@type":"SearchAction","target":{"@type":"EntryPoint","urlTemplate":"https:\/\/www.sedi-ati.com\/fr\/?s={search_term_string}"},"query-input":{"@type":"PropertyValueSpecification","valueRequired":true,"valueName":"search_term_string"}}],"inLanguage":"fr-FR"},{"@type":"Organization","@id":"https:\/\/www.sedi-ati.com\/fr\/#organization","name":"SEDI-ATI","url":"https:\/\/www.sedi-ati.com\/fr\/","logo":{"@type":"ImageObject","inLanguage":"fr-FR","@id":"https:\/\/www.sedi-ati.com\/fr\/#\/schema\/logo\/image\/","url":"https:\/\/www.sedi-ati.com\/wp-content\/uploads\/2019\/10\/Logo_SEDI-ATI_2019_avec-baseline.png","contentUrl":"https:\/\/www.sedi-ati.com\/wp-content\/uploads\/2019\/10\/Logo_SEDI-ATI_2019_avec-baseline.png","width":300,"height":73,"caption":"SEDI-ATI"},"image":{"@id":"https:\/\/www.sedi-ati.com\/fr\/#\/schema\/logo\/image\/"},"sameAs":["https:\/\/www.linkedin.com\/company\/sedi-ati-fibres-optiques\/","https:\/\/www.youtube.com\/@sedi-ati-fibres-optiques"]},{"@type":"Person","@id":"https:\/\/www.sedi-ati.com\/fr\/#\/schema\/person\/127f22d86c7a71dc89861f80fbe34076","name":"Ga\u00eblle CHEVIN","image":{"@type":"ImageObject","inLanguage":"fr-FR","@id":"https:\/\/secure.gravatar.com\/avatar\/673d23c23aab5ac35e61ddcf788d2d4f36bc54cca624d898ff8f19924d12eac6?s=96&d=mm&r=g","url":"https:\/\/secure.gravatar.com\/avatar\/673d23c23aab5ac35e61ddcf788d2d4f36bc54cca624d898ff8f19924d12eac6?s=96&d=mm&r=g","contentUrl":"https:\/\/secure.gravatar.com\/avatar\/673d23c23aab5ac35e61ddcf788d2d4f36bc54cca624d898ff8f19924d12eac6?s=96&d=mm&r=g","caption":"Ga\u00eblle CHEVIN"},"url":"https:\/\/www.sedi-ati.com\/fr\/author\/gchevin\/"}]}},"_links":{"self":[{"href":"https:\/\/www.sedi-ati.com\/fr\/wp-json\/wp\/v2\/posts\/18949","targetHints":{"allow":["GET"]}}],"collection":[{"href":"https:\/\/www.sedi-ati.com\/fr\/wp-json\/wp\/v2\/posts"}],"about":[{"href":"https:\/\/www.sedi-ati.com\/fr\/wp-json\/wp\/v2\/types\/post"}],"author":[{"embeddable":true,"href":"https:\/\/www.sedi-ati.com\/fr\/wp-json\/wp\/v2\/users\/7"}],"replies":[{"embeddable":true,"href":"https:\/\/www.sedi-ati.com\/fr\/wp-json\/wp\/v2\/comments?post=18949"}],"version-history":[{"count":5,"href":"https:\/\/www.sedi-ati.com\/fr\/wp-json\/wp\/v2\/posts\/18949\/revisions"}],"predecessor-version":[{"id":19152,"href":"https:\/\/www.sedi-ati.com\/fr\/wp-json\/wp\/v2\/posts\/18949\/revisions\/19152"}],"wp:featuredmedia":[{"embeddable":true,"href":"https:\/\/www.sedi-ati.com\/fr\/wp-json\/wp\/v2\/media\/19145"}],"wp:attachment":[{"href":"https:\/\/www.sedi-ati.com\/fr\/wp-json\/wp\/v2\/media?parent=18949"}],"wp:term":[{"taxonomy":"category","embeddable":true,"href":"https:\/\/www.sedi-ati.com\/fr\/wp-json\/wp\/v2\/categories?post=18949"},{"taxonomy":"post_tag","embeddable":true,"href":"https:\/\/www.sedi-ati.com\/fr\/wp-json\/wp\/v2\/tags?post=18949"}],"curies":[{"name":"wp","href":"https:\/\/api.w.org\/{rel}","templated":true}]}}