{"id":20472,"date":"2025-01-28T14:12:29","date_gmt":"2025-01-28T13:12:29","guid":{"rendered":"https:\/\/www.sedi-ati.com\/?p=20472"},"modified":"2025-09-15T16:01:46","modified_gmt":"2025-09-15T14:01:46","slug":"sedi-ati-propose-une-gamme-de-solutions-opto-pyrotechniques-pour-les-applications-spatiales","status":"publish","type":"post","link":"https:\/\/www.sedi-ati.com\/fr\/sedi-ati-propose-une-gamme-de-solutions-opto-pyrotechniques-pour-les-applications-spatiales\/","title":{"rendered":"SEDI-ATI propose une gamme de solutions opto-pyrotechniques pour les applications spatiales"},"content":{"rendered":"<section class=\"wpb-content-wrapper\"><p>[vc_row full_width=\u00a0\u00bbstretch_row\u00a0\u00bb content_placement=\u00a0\u00bbmiddle\u00a0\u00bb el_class=\u00a0\u00bbz-index-1 chevauchement-horizontal-range range-applications\u00a0\u00bb][vc_column width=\u00a0\u00bb3\/5&Prime; el_class=\u00a0\u00bbshadow border-radius-hd-bd line-bottom line-blue txt-blanc block-grand-text\u00a0\u00bb css=\u00a0\u00bb.vc_custom_1695800359783{background-color: #4c4d4f !important;}\u00a0\u00bb][vc_raw_html el_class=\u00a0\u00bbgros-titre flex-column-mobile\u00a0\u00bb]JTNDcCUzRVNvbHV0aW9ucyUzQ3NwYW4lMjBjbGFzcyUzRCUyMnBvaW50LXJvdWdlJTIyJTNFJTNDJTJGc3BhbiUzRU9wdG8tcHlyb3RlY2huaXF1ZXMlM0MlMkZwJTNF[\/vc_raw_html][vc_column_text]SEDI-ATI Fibres Optiques propose une gamme compl\u00e8te d\u00e9di\u00e9e aux applications opto-pyrotechniques avec un multiplexeur, un harnais et un d\u00e9tonateur.[\/vc_column_text][vc_btn title=\u00a0\u00bbContactez-nous\u00a0\u00bb style=\u00a0\u00bbcustom\u00a0\u00bb custom_background=\u00a0\u00bb#132f40&Prime; custom_text=\u00a0\u00bb#ffffff\u00a0\u00bb shape=\u00a0\u00bbsquare\u00a0\u00bb link=\u00a0\u00bburl:https%3A%2F%2Fwww.sedi-ati.com%2Ffr%2Fcontact%2F\u00a0\u00bb el_class=\u00a0\u00bbline-bottom line-blue\u00a0\u00bb][\/vc_column][vc_column width=\u00a0\u00bb1\/2&Prime;][vc_single_image image=\u00a0\u00bb20510&Prime; img_size=\u00a0\u00bbfull\u00a0\u00bb][\/vc_column][\/vc_row][vc_row][vc_column][vc_column_text]Les produits s\u2019int\u00e8grent parfaitement \u00e0 toutes les \u00e9tapes critiques d&rsquo;une mission spatiale, garantissant des performances optimales et une fiabilit\u00e9 \u00e0 toute \u00e9preuve.<\/p>\n<p>Qu&rsquo;il s&rsquo;agisse de v\u00e9rifier l&rsquo;int\u00e9grit\u00e9 des lanceurs, de s\u00e9parer les \u00e9tages, de d\u00e9tacher la coiffe ou de lib\u00e9rer les satellites, ces produits innovants garantissent un maximum de pr\u00e9cision et de s\u00e9curit\u00e9.<\/p>\n<p>SEDI-ATI peut r\u00e9pondre aux besoins les plus exigeants du secteur spatial gr\u00e2ce \u00e0 sa parfaite ma\u00eetrise des technologies optiques avanc\u00e9es et \u00e0 sa capacit\u00e9 \u00e0 concevoir des solutions sur mesure.<\/p>\n<p>Le <strong>multiplexeur multimode renforc\u00e9<\/strong> accepte des fibres 105\/125 \u03bcm de coeur avec une ouverture num\u00e9rique de 0.22. Le filtre dichro\u00efque est sur r\u00e9alis\u00e9 sur mesure. Et le produit est compatible avec tout type de connecteur ou tout contact optique. Il r\u00e9siste aux impulsions haute puissance (30 W 12 ms).<\/p>\n<p>Le <strong>harnais fibres optiques<\/strong>, monovoie ou multivoie, peut \u00eatre termin\u00e9 par un contact ELIO (ou autre) et par un connecteur MIL-DTL-38999 Serie III. Robuste gr\u00e2ce \u00e0 sa protection en acier inoxydable, il r\u00e9siste \u00e0 une gamme compl\u00e8te de temp\u00e9ratures allant de -80 \u00b0C \u00e0 +120 \u00b0C.<\/p>\n<p>Le <strong>connecteur optique pour d\u00e9tonateur pyrotechnique<\/strong> est personnalisable avec son filtre dichro\u00efque sur mesure en extr\u00e9mit\u00e9. Qu\u2019il soit en version l\u00e9g\u00e8re ou en version renforc\u00e9e, il reste herm\u00e9tique apr\u00e8s la d\u00e9tonation. Les pi\u00e8ces m\u00e9caniques et les joints d\u2019\u00e9tanch\u00e9it\u00e9 sont d\u00e9finis en fonction du cahier des charges du client.[\/vc_column_text][vc_row_inner][vc_column_inner width=\u00a0\u00bb1\/5&Prime;][\/vc_column_inner][vc_column_inner width=\u00a0\u00bb1\/5&Prime;][vc_single_image image=\u00a0\u00bb20477&Prime; img_size=\u00a0\u00bbmedium\u00a0\u00bb add_caption=\u00a0\u00bbyes\u00a0\u00bb alignment=\u00a0\u00bbcenter\u00a0\u00bb][\/vc_column_inner][vc_column_inner width=\u00a0\u00bb1\/5&Prime;][vc_single_image image=\u00a0\u00bb20479&Prime; img_size=\u00a0\u00bbmedium\u00a0\u00bb add_caption=\u00a0\u00bbyes\u00a0\u00bb alignment=\u00a0\u00bbcenter\u00a0\u00bb][\/vc_column_inner][vc_column_inner width=\u00a0\u00bb1\/5&Prime;][vc_single_image image=\u00a0\u00bb20475&Prime; img_size=\u00a0\u00bbmedium\u00a0\u00bb add_caption=\u00a0\u00bbyes\u00a0\u00bb alignment=\u00a0\u00bbcenter\u00a0\u00bb][\/vc_column_inner][vc_column_inner width=\u00a0\u00bb1\/5&Prime;][\/vc_column_inner][\/vc_row_inner][vc_column_text el_class=\u00a0\u00bbpetit-titre petit-titre-txt\u00a0\u00bb]<\/p>\n<h2>A propos de SEDI-ATI Fibres Optiques<\/h2>\n<p>[\/vc_column_text][vc_column_text]SEDI-ATI Fibres Optiques, cr\u00e9\u00e9e en 1972, con\u00e7oit, d\u00e9veloppe et fabrique des composants et assemblages \u00e0 base de fibres optiques, tels que des assemblages multifibres, des travers\u00e9es \u00e9tanches, ou des coupleurs optiques. Plus particuli\u00e8rement nous concevons sur cahier des charges des solutions renforc\u00e9es pour applications spatiales et opto-pyrotechniques durcies et herm\u00e9tiques. SEDI-ATI est sp\u00e9cialis\u00e9e dans les environnements complexes et extr\u00eames des march\u00e9s de la d\u00e9fense, de l\u2019a\u00e9ronautique, du spatial, du nucl\u00e9aire, et de la g\u00e9ophysique.[\/vc_column_text][\/vc_column][\/vc_row][vc_row full_width=\u00a0\u00bbstretch_row\u00a0\u00bb content_placement=\u00a0\u00bbmiddle\u00a0\u00bb css=\u00a0\u00bb.vc_custom_1695801406813{background-color: #a4a9ad !important;}\u00a0\u00bb][vc_column][vc_row_inner][vc_column_inner width=\u00a0\u00bb1\/6&Prime;][\/vc_column_inner][vc_column_inner el_class=\u00a0\u00bbshadow border-radius-hd-bd line-bottom line-blue\u00a0\u00bb width=\u00a0\u00bb2\/3&Prime; css=\u00a0\u00bb.vc_custom_1695816650128{background-color: #ffffff !important;}\u00a0\u00bb][vc_btn title=\u00a0\u00bbContactez-nous\u00a0\u00bb style=\u00a0\u00bbcustom\u00a0\u00bb custom_background=\u00a0\u00bb#132f40&Prime; custom_text=\u00a0\u00bb#ffffff\u00a0\u00bb shape=\u00a0\u00bbsquare\u00a0\u00bb align=\u00a0\u00bbcenter\u00a0\u00bb link=\u00a0\u00bburl:https%3A%2F%2Fphotonicsweden.org%2F17-19-october-2023-save-the-date-for-optics-photonics-in-sweden-conference-2023%2F|target:_blank\u00a0\u00bb el_class=\u00a0\u00bbline-bottom line-blue\u00a0\u00bb css=\u00a0\u00bb.vc_custom_1737993555331{margin-top: 5px !important;border-top-width: 5px !important;padding-top: 15px !important;background-color: #ffffff !important;}\u00a0\u00bb][\/vc_column_inner][vc_column_inner width=\u00a0\u00bb1\/6&Prime;][\/vc_column_inner][\/vc_row_inner][\/vc_column][\/vc_row][vc_row][vc_column][vc_btn title=\u00a0\u00bb^\u00a0\u00bb style=\u00a0\u00bbflat\u00a0\u00bb shape=\u00a0\u00bbsquare\u00a0\u00bb link=\u00a0\u00bburl:%23Wrapper\u00a0\u00bb el_class=\u00a0\u00bbbtn-haut\u00a0\u00bb][\/vc_column][\/vc_row]<\/p>\n<\/section>","protected":false},"excerpt":{"rendered":"<p>SEDI-ATI Fibres Optiques propose une gamme compl\u00e8te d\u00e9di\u00e9e aux applications opto-pyrotechniques avec un multiplexeur, un harnais et un d\u00e9tonateur.<\/p>\n","protected":false},"author":7,"featured_media":20513,"comment_status":"open","ping_status":"open","sticky":false,"template":"","format":"standard","meta":{"_acf_changed":false,"rs_blank_template":"","rs_page_bg_color":"","slide_template_v7":"","footnotes":""},"categories":[52060],"tags":[],"class_list":["post-20472","post","type-post","status-publish","format-standard","has-post-thumbnail","hentry","category-communique-de-presse"],"acf":[],"yoast_head":"<!-- This site is optimized with the Yoast SEO plugin v27.5 - https:\/\/yoast.com\/product\/yoast-seo-wordpress\/ -->\n<title>SEDI-ATI propose une gamme de solutions opto-pyrotechniques pour les applications spatiales - SEDI-ATI<\/title>\n<meta name=\"description\" content=\"SEDI-ATI Fibres Optiques propose une gamme compl\u00e8te d\u00e9di\u00e9e aux applications opto-pyrotechniques avec un multiplexeur, un harnais et un d\u00e9tonateur.\" \/>\n<meta name=\"robots\" content=\"index, follow, max-snippet:-1, max-image-preview:large, max-video-preview:-1\" \/>\n<link rel=\"canonical\" href=\"https:\/\/www.sedi-ati.com\/fr\/sedi-ati-propose-une-gamme-de-solutions-opto-pyrotechniques-pour-les-applications-spatiales\/\" \/>\n<meta property=\"og:locale\" content=\"fr_FR\" \/>\n<meta property=\"og:type\" content=\"article\" \/>\n<meta property=\"og:title\" content=\"SEDI-ATI propose une gamme de solutions opto-pyrotechniques pour les applications spatiales - SEDI-ATI\" \/>\n<meta property=\"og:description\" content=\"SEDI-ATI Fibres Optiques propose une gamme compl\u00e8te d\u00e9di\u00e9e aux applications opto-pyrotechniques avec un multiplexeur, un harnais et un d\u00e9tonateur.\" \/>\n<meta property=\"og:url\" content=\"https:\/\/www.sedi-ati.com\/fr\/sedi-ati-propose-une-gamme-de-solutions-opto-pyrotechniques-pour-les-applications-spatiales\/\" \/>\n<meta property=\"og:site_name\" content=\"SEDI-ATI\" \/>\n<meta property=\"article:published_time\" content=\"2025-01-28T13:12:29+00:00\" \/>\n<meta property=\"article:modified_time\" content=\"2025-09-15T14:01:46+00:00\" \/>\n<meta property=\"og:image\" content=\"https:\/\/www.sedi-ati.com\/wp-content\/uploads\/2025\/01\/Opto-pyro-thumb.jpg\" \/>\n\t<meta property=\"og:image:width\" content=\"400\" \/>\n\t<meta property=\"og:image:height\" content=\"400\" \/>\n\t<meta property=\"og:image:type\" content=\"image\/jpeg\" \/>\n<meta name=\"author\" content=\"Ga\u00eblle CHEVIN\" \/>\n<meta name=\"twitter:card\" content=\"summary_large_image\" \/>\n<meta name=\"twitter:label1\" content=\"\u00c9crit par\" \/>\n\t<meta name=\"twitter:data1\" content=\"Ga\u00eblle CHEVIN\" \/>\n\t<meta name=\"twitter:label2\" content=\"Dur\u00e9e de lecture estim\u00e9e\" \/>\n\t<meta name=\"twitter:data2\" content=\"4 minutes\" \/>\n<script type=\"application\/ld+json\" class=\"yoast-schema-graph\">{\"@context\":\"https:\\\/\\\/schema.org\",\"@graph\":[{\"@type\":\"Article\",\"@id\":\"https:\\\/\\\/www.sedi-ati.com\\\/fr\\\/sedi-ati-propose-une-gamme-de-solutions-opto-pyrotechniques-pour-les-applications-spatiales\\\/#article\",\"isPartOf\":{\"@id\":\"https:\\\/\\\/www.sedi-ati.com\\\/fr\\\/sedi-ati-propose-une-gamme-de-solutions-opto-pyrotechniques-pour-les-applications-spatiales\\\/\"},\"author\":{\"name\":\"Ga\u00eblle CHEVIN\",\"@id\":\"https:\\\/\\\/www.sedi-ati.com\\\/fr\\\/#\\\/schema\\\/person\\\/127f22d86c7a71dc89861f80fbe34076\"},\"headline\":\"SEDI-ATI propose une gamme de solutions opto-pyrotechniques pour les applications spatiales\",\"datePublished\":\"2025-01-28T13:12:29+00:00\",\"dateModified\":\"2025-09-15T14:01:46+00:00\",\"mainEntityOfPage\":{\"@id\":\"https:\\\/\\\/www.sedi-ati.com\\\/fr\\\/sedi-ati-propose-une-gamme-de-solutions-opto-pyrotechniques-pour-les-applications-spatiales\\\/\"},\"wordCount\":727,\"commentCount\":0,\"publisher\":{\"@id\":\"https:\\\/\\\/www.sedi-ati.com\\\/fr\\\/#organization\"},\"image\":{\"@id\":\"https:\\\/\\\/www.sedi-ati.com\\\/fr\\\/sedi-ati-propose-une-gamme-de-solutions-opto-pyrotechniques-pour-les-applications-spatiales\\\/#primaryimage\"},\"thumbnailUrl\":\"https:\\\/\\\/www.sedi-ati.com\\\/wp-content\\\/uploads\\\/2025\\\/01\\\/Opto-pyro-thumb.jpg\",\"articleSection\":[\"Communiqu\u00e9 de presse\"],\"inLanguage\":\"fr-FR\"},{\"@type\":\"WebPage\",\"@id\":\"https:\\\/\\\/www.sedi-ati.com\\\/fr\\\/sedi-ati-propose-une-gamme-de-solutions-opto-pyrotechniques-pour-les-applications-spatiales\\\/\",\"url\":\"https:\\\/\\\/www.sedi-ati.com\\\/fr\\\/sedi-ati-propose-une-gamme-de-solutions-opto-pyrotechniques-pour-les-applications-spatiales\\\/\",\"name\":\"SEDI-ATI propose une gamme de solutions opto-pyrotechniques pour les applications spatiales - SEDI-ATI\",\"isPartOf\":{\"@id\":\"https:\\\/\\\/www.sedi-ati.com\\\/fr\\\/#website\"},\"primaryImageOfPage\":{\"@id\":\"https:\\\/\\\/www.sedi-ati.com\\\/fr\\\/sedi-ati-propose-une-gamme-de-solutions-opto-pyrotechniques-pour-les-applications-spatiales\\\/#primaryimage\"},\"image\":{\"@id\":\"https:\\\/\\\/www.sedi-ati.com\\\/fr\\\/sedi-ati-propose-une-gamme-de-solutions-opto-pyrotechniques-pour-les-applications-spatiales\\\/#primaryimage\"},\"thumbnailUrl\":\"https:\\\/\\\/www.sedi-ati.com\\\/wp-content\\\/uploads\\\/2025\\\/01\\\/Opto-pyro-thumb.jpg\",\"datePublished\":\"2025-01-28T13:12:29+00:00\",\"dateModified\":\"2025-09-15T14:01:46+00:00\",\"description\":\"SEDI-ATI Fibres Optiques propose une gamme compl\u00e8te d\u00e9di\u00e9e aux applications opto-pyrotechniques avec un multiplexeur, un harnais et un d\u00e9tonateur.\",\"breadcrumb\":{\"@id\":\"https:\\\/\\\/www.sedi-ati.com\\\/fr\\\/sedi-ati-propose-une-gamme-de-solutions-opto-pyrotechniques-pour-les-applications-spatiales\\\/#breadcrumb\"},\"inLanguage\":\"fr-FR\",\"potentialAction\":[{\"@type\":\"ReadAction\",\"target\":[\"https:\\\/\\\/www.sedi-ati.com\\\/fr\\\/sedi-ati-propose-une-gamme-de-solutions-opto-pyrotechniques-pour-les-applications-spatiales\\\/\"]}]},{\"@type\":\"ImageObject\",\"inLanguage\":\"fr-FR\",\"@id\":\"https:\\\/\\\/www.sedi-ati.com\\\/fr\\\/sedi-ati-propose-une-gamme-de-solutions-opto-pyrotechniques-pour-les-applications-spatiales\\\/#primaryimage\",\"url\":\"https:\\\/\\\/www.sedi-ati.com\\\/wp-content\\\/uploads\\\/2025\\\/01\\\/Opto-pyro-thumb.jpg\",\"contentUrl\":\"https:\\\/\\\/www.sedi-ati.com\\\/wp-content\\\/uploads\\\/2025\\\/01\\\/Opto-pyro-thumb.jpg\",\"width\":400,\"height\":400},{\"@type\":\"BreadcrumbList\",\"@id\":\"https:\\\/\\\/www.sedi-ati.com\\\/fr\\\/sedi-ati-propose-une-gamme-de-solutions-opto-pyrotechniques-pour-les-applications-spatiales\\\/#breadcrumb\",\"itemListElement\":[{\"@type\":\"ListItem\",\"position\":1,\"name\":\"Home\",\"item\":\"https:\\\/\\\/www.sedi-ati.com\\\/fr\\\/\"},{\"@type\":\"ListItem\",\"position\":2,\"name\":\"Actualit\u00e9s\",\"item\":\"https:\\\/\\\/www.sedi-ati.com\\\/fr\\\/category\\\/actualites\\\/\"},{\"@type\":\"ListItem\",\"position\":3,\"name\":\"Communiqu\u00e9 de presse\",\"item\":\"https:\\\/\\\/www.sedi-ati.com\\\/fr\\\/category\\\/actualites\\\/communique-de-presse\\\/\"},{\"@type\":\"ListItem\",\"position\":4,\"name\":\"SEDI-ATI propose une gamme de solutions opto-pyrotechniques pour les applications spatiales\"}]},{\"@type\":\"WebSite\",\"@id\":\"https:\\\/\\\/www.sedi-ati.com\\\/fr\\\/#website\",\"url\":\"https:\\\/\\\/www.sedi-ati.com\\\/fr\\\/\",\"name\":\"SEDI-ATI\",\"description\":\"Assemblages de fibres optiques sur mesure, bundles, fentes et pieuvres\",\"publisher\":{\"@id\":\"https:\\\/\\\/www.sedi-ati.com\\\/fr\\\/#organization\"},\"potentialAction\":[{\"@type\":\"SearchAction\",\"target\":{\"@type\":\"EntryPoint\",\"urlTemplate\":\"https:\\\/\\\/www.sedi-ati.com\\\/fr\\\/?s={search_term_string}\"},\"query-input\":{\"@type\":\"PropertyValueSpecification\",\"valueRequired\":true,\"valueName\":\"search_term_string\"}}],\"inLanguage\":\"fr-FR\"},{\"@type\":\"Organization\",\"@id\":\"https:\\\/\\\/www.sedi-ati.com\\\/fr\\\/#organization\",\"name\":\"SEDI-ATI\",\"url\":\"https:\\\/\\\/www.sedi-ati.com\\\/fr\\\/\",\"logo\":{\"@type\":\"ImageObject\",\"inLanguage\":\"fr-FR\",\"@id\":\"https:\\\/\\\/www.sedi-ati.com\\\/fr\\\/#\\\/schema\\\/logo\\\/image\\\/\",\"url\":\"https:\\\/\\\/www.sedi-ati.com\\\/wp-content\\\/uploads\\\/2019\\\/10\\\/Logo_SEDI-ATI_2019_avec-baseline.png\",\"contentUrl\":\"https:\\\/\\\/www.sedi-ati.com\\\/wp-content\\\/uploads\\\/2019\\\/10\\\/Logo_SEDI-ATI_2019_avec-baseline.png\",\"width\":300,\"height\":73,\"caption\":\"SEDI-ATI\"},\"image\":{\"@id\":\"https:\\\/\\\/www.sedi-ati.com\\\/fr\\\/#\\\/schema\\\/logo\\\/image\\\/\"},\"sameAs\":[\"https:\\\/\\\/www.linkedin.com\\\/company\\\/sedi-ati-fibres-optiques\\\/\",\"https:\\\/\\\/www.youtube.com\\\/@sedi-ati-fibres-optiques\"]},{\"@type\":\"Person\",\"@id\":\"https:\\\/\\\/www.sedi-ati.com\\\/fr\\\/#\\\/schema\\\/person\\\/127f22d86c7a71dc89861f80fbe34076\",\"name\":\"Ga\u00eblle CHEVIN\",\"image\":{\"@type\":\"ImageObject\",\"inLanguage\":\"fr-FR\",\"@id\":\"https:\\\/\\\/secure.gravatar.com\\\/avatar\\\/673d23c23aab5ac35e61ddcf788d2d4f36bc54cca624d898ff8f19924d12eac6?s=96&d=mm&r=g\",\"url\":\"https:\\\/\\\/secure.gravatar.com\\\/avatar\\\/673d23c23aab5ac35e61ddcf788d2d4f36bc54cca624d898ff8f19924d12eac6?s=96&d=mm&r=g\",\"contentUrl\":\"https:\\\/\\\/secure.gravatar.com\\\/avatar\\\/673d23c23aab5ac35e61ddcf788d2d4f36bc54cca624d898ff8f19924d12eac6?s=96&d=mm&r=g\",\"caption\":\"Ga\u00eblle CHEVIN\"},\"url\":\"https:\\\/\\\/www.sedi-ati.com\\\/fr\\\/author\\\/gchevin\\\/\"}]}<\/script>\n<!-- \/ Yoast SEO plugin. -->","yoast_head_json":{"title":"SEDI-ATI propose une gamme de solutions opto-pyrotechniques pour les applications spatiales - SEDI-ATI","description":"SEDI-ATI Fibres Optiques propose une gamme compl\u00e8te d\u00e9di\u00e9e aux applications opto-pyrotechniques avec un multiplexeur, un harnais et un d\u00e9tonateur.","robots":{"index":"index","follow":"follow","max-snippet":"max-snippet:-1","max-image-preview":"max-image-preview:large","max-video-preview":"max-video-preview:-1"},"canonical":"https:\/\/www.sedi-ati.com\/fr\/sedi-ati-propose-une-gamme-de-solutions-opto-pyrotechniques-pour-les-applications-spatiales\/","og_locale":"fr_FR","og_type":"article","og_title":"SEDI-ATI propose une gamme de solutions opto-pyrotechniques pour les applications spatiales - SEDI-ATI","og_description":"SEDI-ATI Fibres Optiques propose une gamme compl\u00e8te d\u00e9di\u00e9e aux applications opto-pyrotechniques avec un multiplexeur, un harnais et un d\u00e9tonateur.","og_url":"https:\/\/www.sedi-ati.com\/fr\/sedi-ati-propose-une-gamme-de-solutions-opto-pyrotechniques-pour-les-applications-spatiales\/","og_site_name":"SEDI-ATI","article_published_time":"2025-01-28T13:12:29+00:00","article_modified_time":"2025-09-15T14:01:46+00:00","og_image":[{"width":400,"height":400,"url":"https:\/\/www.sedi-ati.com\/wp-content\/uploads\/2025\/01\/Opto-pyro-thumb.jpg","type":"image\/jpeg"}],"author":"Ga\u00eblle CHEVIN","twitter_card":"summary_large_image","twitter_misc":{"\u00c9crit par":"Ga\u00eblle CHEVIN","Dur\u00e9e de lecture estim\u00e9e":"4 minutes"},"schema":{"@context":"https:\/\/schema.org","@graph":[{"@type":"Article","@id":"https:\/\/www.sedi-ati.com\/fr\/sedi-ati-propose-une-gamme-de-solutions-opto-pyrotechniques-pour-les-applications-spatiales\/#article","isPartOf":{"@id":"https:\/\/www.sedi-ati.com\/fr\/sedi-ati-propose-une-gamme-de-solutions-opto-pyrotechniques-pour-les-applications-spatiales\/"},"author":{"name":"Ga\u00eblle CHEVIN","@id":"https:\/\/www.sedi-ati.com\/fr\/#\/schema\/person\/127f22d86c7a71dc89861f80fbe34076"},"headline":"SEDI-ATI propose une gamme de solutions opto-pyrotechniques pour les applications spatiales","datePublished":"2025-01-28T13:12:29+00:00","dateModified":"2025-09-15T14:01:46+00:00","mainEntityOfPage":{"@id":"https:\/\/www.sedi-ati.com\/fr\/sedi-ati-propose-une-gamme-de-solutions-opto-pyrotechniques-pour-les-applications-spatiales\/"},"wordCount":727,"commentCount":0,"publisher":{"@id":"https:\/\/www.sedi-ati.com\/fr\/#organization"},"image":{"@id":"https:\/\/www.sedi-ati.com\/fr\/sedi-ati-propose-une-gamme-de-solutions-opto-pyrotechniques-pour-les-applications-spatiales\/#primaryimage"},"thumbnailUrl":"https:\/\/www.sedi-ati.com\/wp-content\/uploads\/2025\/01\/Opto-pyro-thumb.jpg","articleSection":["Communiqu\u00e9 de presse"],"inLanguage":"fr-FR"},{"@type":"WebPage","@id":"https:\/\/www.sedi-ati.com\/fr\/sedi-ati-propose-une-gamme-de-solutions-opto-pyrotechniques-pour-les-applications-spatiales\/","url":"https:\/\/www.sedi-ati.com\/fr\/sedi-ati-propose-une-gamme-de-solutions-opto-pyrotechniques-pour-les-applications-spatiales\/","name":"SEDI-ATI propose une gamme de solutions opto-pyrotechniques pour les applications spatiales - SEDI-ATI","isPartOf":{"@id":"https:\/\/www.sedi-ati.com\/fr\/#website"},"primaryImageOfPage":{"@id":"https:\/\/www.sedi-ati.com\/fr\/sedi-ati-propose-une-gamme-de-solutions-opto-pyrotechniques-pour-les-applications-spatiales\/#primaryimage"},"image":{"@id":"https:\/\/www.sedi-ati.com\/fr\/sedi-ati-propose-une-gamme-de-solutions-opto-pyrotechniques-pour-les-applications-spatiales\/#primaryimage"},"thumbnailUrl":"https:\/\/www.sedi-ati.com\/wp-content\/uploads\/2025\/01\/Opto-pyro-thumb.jpg","datePublished":"2025-01-28T13:12:29+00:00","dateModified":"2025-09-15T14:01:46+00:00","description":"SEDI-ATI Fibres Optiques propose une gamme compl\u00e8te d\u00e9di\u00e9e aux applications opto-pyrotechniques avec un multiplexeur, un harnais et un d\u00e9tonateur.","breadcrumb":{"@id":"https:\/\/www.sedi-ati.com\/fr\/sedi-ati-propose-une-gamme-de-solutions-opto-pyrotechniques-pour-les-applications-spatiales\/#breadcrumb"},"inLanguage":"fr-FR","potentialAction":[{"@type":"ReadAction","target":["https:\/\/www.sedi-ati.com\/fr\/sedi-ati-propose-une-gamme-de-solutions-opto-pyrotechniques-pour-les-applications-spatiales\/"]}]},{"@type":"ImageObject","inLanguage":"fr-FR","@id":"https:\/\/www.sedi-ati.com\/fr\/sedi-ati-propose-une-gamme-de-solutions-opto-pyrotechniques-pour-les-applications-spatiales\/#primaryimage","url":"https:\/\/www.sedi-ati.com\/wp-content\/uploads\/2025\/01\/Opto-pyro-thumb.jpg","contentUrl":"https:\/\/www.sedi-ati.com\/wp-content\/uploads\/2025\/01\/Opto-pyro-thumb.jpg","width":400,"height":400},{"@type":"BreadcrumbList","@id":"https:\/\/www.sedi-ati.com\/fr\/sedi-ati-propose-une-gamme-de-solutions-opto-pyrotechniques-pour-les-applications-spatiales\/#breadcrumb","itemListElement":[{"@type":"ListItem","position":1,"name":"Home","item":"https:\/\/www.sedi-ati.com\/fr\/"},{"@type":"ListItem","position":2,"name":"Actualit\u00e9s","item":"https:\/\/www.sedi-ati.com\/fr\/category\/actualites\/"},{"@type":"ListItem","position":3,"name":"Communiqu\u00e9 de presse","item":"https:\/\/www.sedi-ati.com\/fr\/category\/actualites\/communique-de-presse\/"},{"@type":"ListItem","position":4,"name":"SEDI-ATI propose une gamme de solutions opto-pyrotechniques pour les applications spatiales"}]},{"@type":"WebSite","@id":"https:\/\/www.sedi-ati.com\/fr\/#website","url":"https:\/\/www.sedi-ati.com\/fr\/","name":"SEDI-ATI","description":"Assemblages de fibres optiques sur mesure, bundles, fentes et pieuvres","publisher":{"@id":"https:\/\/www.sedi-ati.com\/fr\/#organization"},"potentialAction":[{"@type":"SearchAction","target":{"@type":"EntryPoint","urlTemplate":"https:\/\/www.sedi-ati.com\/fr\/?s={search_term_string}"},"query-input":{"@type":"PropertyValueSpecification","valueRequired":true,"valueName":"search_term_string"}}],"inLanguage":"fr-FR"},{"@type":"Organization","@id":"https:\/\/www.sedi-ati.com\/fr\/#organization","name":"SEDI-ATI","url":"https:\/\/www.sedi-ati.com\/fr\/","logo":{"@type":"ImageObject","inLanguage":"fr-FR","@id":"https:\/\/www.sedi-ati.com\/fr\/#\/schema\/logo\/image\/","url":"https:\/\/www.sedi-ati.com\/wp-content\/uploads\/2019\/10\/Logo_SEDI-ATI_2019_avec-baseline.png","contentUrl":"https:\/\/www.sedi-ati.com\/wp-content\/uploads\/2019\/10\/Logo_SEDI-ATI_2019_avec-baseline.png","width":300,"height":73,"caption":"SEDI-ATI"},"image":{"@id":"https:\/\/www.sedi-ati.com\/fr\/#\/schema\/logo\/image\/"},"sameAs":["https:\/\/www.linkedin.com\/company\/sedi-ati-fibres-optiques\/","https:\/\/www.youtube.com\/@sedi-ati-fibres-optiques"]},{"@type":"Person","@id":"https:\/\/www.sedi-ati.com\/fr\/#\/schema\/person\/127f22d86c7a71dc89861f80fbe34076","name":"Ga\u00eblle CHEVIN","image":{"@type":"ImageObject","inLanguage":"fr-FR","@id":"https:\/\/secure.gravatar.com\/avatar\/673d23c23aab5ac35e61ddcf788d2d4f36bc54cca624d898ff8f19924d12eac6?s=96&d=mm&r=g","url":"https:\/\/secure.gravatar.com\/avatar\/673d23c23aab5ac35e61ddcf788d2d4f36bc54cca624d898ff8f19924d12eac6?s=96&d=mm&r=g","contentUrl":"https:\/\/secure.gravatar.com\/avatar\/673d23c23aab5ac35e61ddcf788d2d4f36bc54cca624d898ff8f19924d12eac6?s=96&d=mm&r=g","caption":"Ga\u00eblle CHEVIN"},"url":"https:\/\/www.sedi-ati.com\/fr\/author\/gchevin\/"}]}},"_links":{"self":[{"href":"https:\/\/www.sedi-ati.com\/fr\/wp-json\/wp\/v2\/posts\/20472","targetHints":{"allow":["GET"]}}],"collection":[{"href":"https:\/\/www.sedi-ati.com\/fr\/wp-json\/wp\/v2\/posts"}],"about":[{"href":"https:\/\/www.sedi-ati.com\/fr\/wp-json\/wp\/v2\/types\/post"}],"author":[{"embeddable":true,"href":"https:\/\/www.sedi-ati.com\/fr\/wp-json\/wp\/v2\/users\/7"}],"replies":[{"embeddable":true,"href":"https:\/\/www.sedi-ati.com\/fr\/wp-json\/wp\/v2\/comments?post=20472"}],"version-history":[{"count":5,"href":"https:\/\/www.sedi-ati.com\/fr\/wp-json\/wp\/v2\/posts\/20472\/revisions"}],"predecessor-version":[{"id":21168,"href":"https:\/\/www.sedi-ati.com\/fr\/wp-json\/wp\/v2\/posts\/20472\/revisions\/21168"}],"wp:featuredmedia":[{"embeddable":true,"href":"https:\/\/www.sedi-ati.com\/fr\/wp-json\/wp\/v2\/media\/20513"}],"wp:attachment":[{"href":"https:\/\/www.sedi-ati.com\/fr\/wp-json\/wp\/v2\/media?parent=20472"}],"wp:term":[{"taxonomy":"category","embeddable":true,"href":"https:\/\/www.sedi-ati.com\/fr\/wp-json\/wp\/v2\/categories?post=20472"},{"taxonomy":"post_tag","embeddable":true,"href":"https:\/\/www.sedi-ati.com\/fr\/wp-json\/wp\/v2\/tags?post=20472"}],"curies":[{"name":"wp","href":"https:\/\/api.w.org\/{rel}","templated":true}]}}