{"id":20818,"date":"2025-05-05T17:29:35","date_gmt":"2025-05-05T15:29:35","guid":{"rendered":"https:\/\/www.sedi-ati.com\/?p=20818"},"modified":"2025-05-06T11:39:29","modified_gmt":"2025-05-06T09:39:29","slug":"fiber-optics-group-acquiert-la-societe-canadienne-fibertech-optica","status":"publish","type":"post","link":"https:\/\/www.sedi-ati.com\/fr\/fiber-optics-group-acquiert-la-societe-canadienne-fibertech-optica\/","title":{"rendered":"Fiber Optics Group acquiert la soci\u00e9t\u00e9 canadienne FiberTech Optica"},"content":{"rendered":"<section class=\"wpb-content-wrapper\"><p>[vc_row full_width=\u00a0\u00bbstretch_row\u00a0\u00bb content_placement=\u00a0\u00bbmiddle\u00a0\u00bb el_class=\u00a0\u00bbz-index-1 chevauchement-horizontal-range range-applications\u00a0\u00bb][vc_column width=\u00a0\u00bb3\/5&Prime; el_class=\u00a0\u00bbshadow border-radius-hd-bd line-bottom line-blue txt-blanc block-grand-text\u00a0\u00bb css=\u00a0\u00bb.vc_custom_1695800359783{background-color: #4c4d4f !important;}\u00a0\u00bb][vc_raw_html el_class=\u00a0\u00bbgros-titre flex-column-mobile\u00a0\u00bb]JTNDcCUzRUZpYmVyVGVjaCUyME9wdGljYSUzQ3NwYW4lMjBjbGFzcyUzRCUyMnBvaW50LXJvdWdlJTIyJTNFJTNDJTJGc3BhbiUzRUZPRyUzQyUyRnAlM0U=[\/vc_raw_html][vc_column_text]La soci\u00e9t\u00e9 canadienne FiberTech Optica s&rsquo;associe \u00e0 Fiber Optics Group pour renforcer sa position sur le march\u00e9 mondial des assemblages de fibres optiques et des syst\u00e8mes photoniques associ\u00e9s.[\/vc_column_text][vc_btn title=\u00a0\u00bbContactez-nous\u00a0\u00bb style=\u00a0\u00bbcustom\u00a0\u00bb custom_background=\u00a0\u00bb#132f40&Prime; custom_text=\u00a0\u00bb#ffffff\u00a0\u00bb shape=\u00a0\u00bbsquare\u00a0\u00bb link=\u00a0\u00bburl:https%3A%2F%2Fwww.sedi-ati.com%2Ffr%2Fcontact%2F\u00a0\u00bb el_class=\u00a0\u00bbline-bottom line-blue\u00a0\u00bb][\/vc_column][vc_column width=\u00a0\u00bb1\/2&Prime;][vc_single_image image=\u00a0\u00bb20813&Prime; img_size=\u00a0\u00bbfull\u00a0\u00bb][\/vc_column][\/vc_row][vc_row][vc_column][vc_column_text]<strong>Evry-Courcouronnes, France, le 5 mai 2025 &#8211; Fiber Optics Group (FOG) annonce l\u2019acquisition de la soci\u00e9t\u00e9 canadienne FiberTech Optica (FTO), sp\u00e9cialis\u00e9e dans les solutions int\u00e9gr\u00e9es de fibres optiques pour des applications scientifiques, industrielles et spatiales. Cette op\u00e9ration strat\u00e9gique permet \u00e0 FOG de renforcer son positionnement international et d\u2019\u00e9largir son portefeuille de technologies de pointe.<\/strong>[\/vc_column_text][\/vc_column][\/vc_row][vc_row][vc_column][vc_row_inner][vc_column_inner][vc_column_text]L\u2019int\u00e9gration de FiberTech Optica au sein de FOG donne acc\u00e8s au groupe \u00e0 des assemblages de fibres tr\u00e8s complexes, ainsi qu\u2019au march\u00e9 nord-am\u00e9ricain. En effet, bas\u00e9e \u00e0 Kitchener, en Ontario, FiberTech Optica est un leader dans la conception et la fabrication d\u2019assemblages de fibres optiques de type bundles, fentes, sondes et cordons, pour des applications telles que la spectroscopie, l&rsquo;astronomie, le spatial, le contr\u00f4le industriel, le LIDAR, et le biom\u00e9dical.<\/p>\n<p>La direction de FTO restera en place et assurera la poursuite de l&rsquo;excellence du service \u00e0 la client\u00e8le et \u00e0 la fourniture de produits performants sur lesquels repose sa r\u00e9putation.<\/p>\n<p>Cette acquisition permet \u00e0 FOG et ses filiales SEDI-ATI Fibres Optiques et IDIL Fibres Optiques de proposer une gamme \u00e9largie de solutions compl\u00e9mentaires \u00e0 base de fibres optiques, allant des composants pour environnements extr\u00eames aux syst\u00e8mes photoniques int\u00e9gr\u00e9s. Cette collaboration renforcera la capacit\u00e9 du groupe \u00e0 innover et \u00e0 r\u00e9pondre aux besoins sp\u00e9cifiques de ses clients \u00e0 l\u2019\u00e9chelle mondiale.[\/vc_column_text][\/vc_column_inner][\/vc_row_inner][\/vc_column][\/vc_row][vc_row][vc_column][vc_row_inner][vc_column_inner][vc_column_text el_class=\u00a0\u00bbpetit-titre\u00a0\u00bb]<\/p>\n<h2>A propos de FiberTech Optica (FTO)<\/h2>\n<p>[\/vc_column_text][vc_column_text]La soci\u00e9t\u00e9 canadienne FiberTech Optica, cr\u00e9\u00e9e en 2000, con\u00e7oit et fabrique une large gamme d\u2019assemblages de fibres optiques tr\u00e8s complexes, incluant des bundles, des cordons, des c\u00e2bles laser haute puissance, des sondes de r\u00e9flectance, des travers\u00e9es \u00e9tanches, ainsi que des fentes (lin\u00e9aires, 2D ou v-groove). L\u2019entreprise propose \u00e9galement des assemblages renforc\u00e9s pour les environnements exigeants. Elle offre en parall\u00e8le des services de d\u00e9veloppement de prototypes et d\u2019ing\u00e9nierie, int\u00e9grant la mod\u00e9lisation optique, la conception opto-m\u00e9canique et l\u2019assemblage complet de syst\u00e8mes.<\/p>\n<p>Plus d\u2019informations sur : <a href=\"https:\/\/fibertech-optica.com\/\">www.fibertech-optica.com<\/a>[\/vc_column_text][\/vc_column_inner][\/vc_row_inner][\/vc_column][\/vc_row][vc_row][vc_column][vc_row_inner][vc_column_inner][vc_column_text el_class=\u00a0\u00bbpetit-titre\u00a0\u00bb]<\/p>\n<h2>A propos de Fiber Optics Group (FOG)<\/h2>\n<p>[\/vc_column_text][vc_column_text]Cr\u00e9\u00e9 en 2023, Fiber Optics Group est un groupe industriel d\u00e9di\u00e9 \u00e0 l\u2019innovation, \u00e0 la performance et \u00e0 la durabilit\u00e9 dans le domaine des fibres optiques. Sa mission est de r\u00e9pondre aux besoins croissants des industries technologiques avec des assemblages de fibres optiques de pointe pour des environnements complexes ou extr\u00eames, ainsi qu\u2019avec des syst\u00e8mes et sous-syst\u00e8mes photoniques associ\u00e9s. Fiber Optics Group s\u2019appuie sur une structure d\u2019actionnariat solide et diversifi\u00e9e compos\u00e9e de Yotta Capital Partners (YCP), actionnaire majoritaire au travers du fonds d\u2019investissement Yotta Smart Industry (YSI) et de deux actionnaires minoritaires, JF Vinchant Holding Strategy (JFVHS) et Patrice le Boudec.<\/p>\n<p>Plus d\u2019informations sur : <a href=\"https:\/\/fiberopticsgroup.com\/\">www.fiberopticsgroup.com<\/a>[\/vc_column_text][\/vc_column_inner][\/vc_row_inner][\/vc_column][\/vc_row][vc_row][vc_column][vc_row_inner][vc_column_inner][vc_column_text el_class=\u00a0\u00bbpetit-titre\u00a0\u00bb]<\/p>\n<h2>A propos de Yotta Capital Partners (YCP)<\/h2>\n<p>[\/vc_column_text][vc_column_text]Premi\u00e8re plateforme de Private Equity d\u00e9di\u00e9e \u00e0 une industrie d\u00e9carbon\u00e9e et, plus largement, respectueuse de l\u2019environnement, Yotta Capital Partners est une soci\u00e9t\u00e9 de gestion agr\u00e9\u00e9e par l\u2019AMF, sp\u00e9cialis\u00e9e en Private Equity. Son \u00e9quipe est compos\u00e9e de professionnels reconnus du Private Equity et de tr\u00e8s hauts profils industriels. Engag\u00e9e pour l\u2019environnement, Yotta Capital Partners accompagne les PME industrielles cherchant \u00e0 limiter leur impact environnemental. Yotta investit ainsi dans les soci\u00e9t\u00e9s industrielles fran\u00e7aises et europ\u00e9ennes \u00e0 travers deux fonds : Yotta Smart Industry, fonds de Buy-Out et de Capital-D\u00e9veloppement d\u00e9di\u00e9 aux PME industrielles et Yotta Growth Industry qui accompagne les scale-up industrielles. La plateforme Yotta leur propose un accompagnement fort sur leurs enjeux de croissance, de d\u00e9carbonation et de sobri\u00e9t\u00e9 en mati\u00e8re d\u2019empreinte environnementale (biodiversit\u00e9, gestion de l\u2019eau&#8230;). Yotta Capital Partners est membre de l\u2019IC 20, Finance for Biodiversity, Impact Valuation Hub, et a obtenu le label Relance. Tous ses fonds sont Article 9 au sens de la SFDR.<\/p>\n<p>Plus d\u2019informations sur : <a href=\"https:\/\/yottacapital.fr\/\">www.yottacapital.fr<\/a>[\/vc_column_text][\/vc_column_inner][\/vc_row_inner][\/vc_column][\/vc_row][vc_row full_width=\u00a0\u00bbstretch_row\u00a0\u00bb content_placement=\u00a0\u00bbmiddle\u00a0\u00bb css=\u00a0\u00bb.vc_custom_1695801406813{background-color: #a4a9ad !important;}\u00a0\u00bb][vc_column][vc_row_inner][vc_column_inner width=\u00a0\u00bb1\/6&Prime;][\/vc_column_inner][vc_column_inner el_class=\u00a0\u00bbshadow border-radius-hd-bd line-bottom line-blue\u00a0\u00bb width=\u00a0\u00bb2\/3&Prime; css=\u00a0\u00bb.vc_custom_1695816650128{background-color: #ffffff !important;}\u00a0\u00bb][vc_btn title=\u00a0\u00bbVoir le communiqu\u00e9 de presse\u00a0\u00bb style=\u00a0\u00bbcustom\u00a0\u00bb custom_background=\u00a0\u00bb#132f40&Prime; custom_text=\u00a0\u00bb#ffffff\u00a0\u00bb shape=\u00a0\u00bbsquare\u00a0\u00bb align=\u00a0\u00bbcenter\u00a0\u00bb link=\u00a0\u00bburl:https%3A%2F%2Fwww.sedi-ati.com%2Fwp-content%2Fuploads%2F2025%2F05%2FCommunique-de-presse_2025-05-05_Le-groupe-FOG-%E2%80%A2-Fiber-Optics-Group-acquiert-la-societe-canadienne-FiberTech-Optica.pdf|target:_blank\u00a0\u00bb el_class=\u00a0\u00bbline-bottom line-blue\u00a0\u00bb css=\u00a0\u00bb.vc_custom_1746524214346{margin-top: 5px !important;border-top-width: 5px !important;padding-top: 15px !important;background-color: #ffffff !important;}\u00a0\u00bb][\/vc_column_inner][vc_column_inner width=\u00a0\u00bb1\/6&Prime;][\/vc_column_inner][\/vc_row_inner][\/vc_column][\/vc_row][vc_row][vc_column][vc_btn title=\u00a0\u00bb^\u00a0\u00bb style=\u00a0\u00bbflat\u00a0\u00bb shape=\u00a0\u00bbsquare\u00a0\u00bb link=\u00a0\u00bburl:%23Wrapper\u00a0\u00bb el_class=\u00a0\u00bbbtn-haut\u00a0\u00bb][\/vc_column][\/vc_row]<\/p>\n<\/section>","protected":false},"excerpt":{"rendered":"<p>La soci\u00e9t\u00e9 canadienne FiberTech Optica s&rsquo;associe \u00e0 Fiber Optics Group pour renforcer sa position sur le march\u00e9 mondial des assemblages de fibres optiques et des syst\u00e8mes photoniques associ\u00e9s.<\/p>\n","protected":false},"author":7,"featured_media":20816,"comment_status":"open","ping_status":"open","sticky":false,"template":"","format":"standard","meta":{"_acf_changed":false,"rs_blank_template":"","rs_page_bg_color":"","slide_template_v7":"","footnotes":""},"categories":[52060],"tags":[],"class_list":["post-20818","post","type-post","status-publish","format-standard","has-post-thumbnail","hentry","category-communique-de-presse"],"acf":[],"yoast_head":"<!-- This site is optimized with the Yoast SEO plugin v27.3 - https:\/\/yoast.com\/product\/yoast-seo-wordpress\/ -->\n<title>Fiber Optics Group acquiert la soci\u00e9t\u00e9 canadienne FiberTech Optica - SEDI-ATI<\/title>\n<meta name=\"description\" content=\"La soci\u00e9t\u00e9 canadienne FiberTech Optica s&#039;associe \u00e0 Fiber Optics Group pour renforcer sa position sur le march\u00e9 mondial des assemblages de fibres optiques et des syst\u00e8mes photoniques associ\u00e9s.\" \/>\n<meta name=\"robots\" content=\"index, follow, max-snippet:-1, max-image-preview:large, max-video-preview:-1\" \/>\n<link rel=\"canonical\" href=\"https:\/\/www.sedi-ati.com\/fr\/fiber-optics-group-acquiert-la-societe-canadienne-fibertech-optica\/\" \/>\n<meta property=\"og:locale\" content=\"fr_FR\" \/>\n<meta property=\"og:type\" content=\"article\" \/>\n<meta property=\"og:title\" content=\"Fiber Optics Group acquiert la soci\u00e9t\u00e9 canadienne FiberTech Optica - SEDI-ATI\" \/>\n<meta property=\"og:description\" content=\"La soci\u00e9t\u00e9 canadienne FiberTech Optica s&#039;associe \u00e0 Fiber Optics Group pour renforcer sa position sur le march\u00e9 mondial des assemblages de fibres optiques et des syst\u00e8mes photoniques associ\u00e9s.\" \/>\n<meta property=\"og:url\" content=\"https:\/\/www.sedi-ati.com\/fr\/fiber-optics-group-acquiert-la-societe-canadienne-fibertech-optica\/\" \/>\n<meta property=\"og:site_name\" content=\"SEDI-ATI\" \/>\n<meta property=\"article:published_time\" content=\"2025-05-05T15:29:35+00:00\" \/>\n<meta property=\"article:modified_time\" content=\"2025-05-06T09:39:29+00:00\" \/>\n<meta property=\"og:image\" content=\"https:\/\/www.sedi-ati.com\/wp-content\/uploads\/2025\/05\/FTO-x-FOG-1.jpg\" \/>\n\t<meta property=\"og:image:width\" content=\"300\" \/>\n\t<meta property=\"og:image:height\" content=\"300\" \/>\n\t<meta property=\"og:image:type\" content=\"image\/jpeg\" \/>\n<meta name=\"author\" content=\"Ga\u00eblle CHEVIN\" \/>\n<meta name=\"twitter:card\" content=\"summary_large_image\" \/>\n<meta name=\"twitter:label1\" content=\"\u00c9crit par\" \/>\n\t<meta name=\"twitter:data1\" content=\"Ga\u00eblle CHEVIN\" \/>\n\t<meta name=\"twitter:label2\" content=\"Dur\u00e9e de lecture estim\u00e9e\" \/>\n\t<meta name=\"twitter:data2\" content=\"4 minutes\" \/>\n<script type=\"application\/ld+json\" class=\"yoast-schema-graph\">{\"@context\":\"https:\\\/\\\/schema.org\",\"@graph\":[{\"@type\":\"Article\",\"@id\":\"https:\\\/\\\/www.sedi-ati.com\\\/fr\\\/fiber-optics-group-acquiert-la-societe-canadienne-fibertech-optica\\\/#article\",\"isPartOf\":{\"@id\":\"https:\\\/\\\/www.sedi-ati.com\\\/fr\\\/fiber-optics-group-acquiert-la-societe-canadienne-fibertech-optica\\\/\"},\"author\":{\"name\":\"Ga\u00eblle CHEVIN\",\"@id\":\"https:\\\/\\\/www.sedi-ati.com\\\/fr\\\/#\\\/schema\\\/person\\\/127f22d86c7a71dc89861f80fbe34076\"},\"headline\":\"Fiber Optics Group acquiert la soci\u00e9t\u00e9 canadienne FiberTech Optica\",\"datePublished\":\"2025-05-05T15:29:35+00:00\",\"dateModified\":\"2025-05-06T09:39:29+00:00\",\"mainEntityOfPage\":{\"@id\":\"https:\\\/\\\/www.sedi-ati.com\\\/fr\\\/fiber-optics-group-acquiert-la-societe-canadienne-fibertech-optica\\\/\"},\"wordCount\":1090,\"commentCount\":0,\"publisher\":{\"@id\":\"https:\\\/\\\/www.sedi-ati.com\\\/fr\\\/#organization\"},\"image\":{\"@id\":\"https:\\\/\\\/www.sedi-ati.com\\\/fr\\\/fiber-optics-group-acquiert-la-societe-canadienne-fibertech-optica\\\/#primaryimage\"},\"thumbnailUrl\":\"https:\\\/\\\/www.sedi-ati.com\\\/wp-content\\\/uploads\\\/2025\\\/05\\\/FTO-x-FOG-1.jpg\",\"articleSection\":[\"Communiqu\u00e9 de presse\"],\"inLanguage\":\"fr-FR\"},{\"@type\":\"WebPage\",\"@id\":\"https:\\\/\\\/www.sedi-ati.com\\\/fr\\\/fiber-optics-group-acquiert-la-societe-canadienne-fibertech-optica\\\/\",\"url\":\"https:\\\/\\\/www.sedi-ati.com\\\/fr\\\/fiber-optics-group-acquiert-la-societe-canadienne-fibertech-optica\\\/\",\"name\":\"Fiber Optics Group acquiert la soci\u00e9t\u00e9 canadienne FiberTech Optica - SEDI-ATI\",\"isPartOf\":{\"@id\":\"https:\\\/\\\/www.sedi-ati.com\\\/fr\\\/#website\"},\"primaryImageOfPage\":{\"@id\":\"https:\\\/\\\/www.sedi-ati.com\\\/fr\\\/fiber-optics-group-acquiert-la-societe-canadienne-fibertech-optica\\\/#primaryimage\"},\"image\":{\"@id\":\"https:\\\/\\\/www.sedi-ati.com\\\/fr\\\/fiber-optics-group-acquiert-la-societe-canadienne-fibertech-optica\\\/#primaryimage\"},\"thumbnailUrl\":\"https:\\\/\\\/www.sedi-ati.com\\\/wp-content\\\/uploads\\\/2025\\\/05\\\/FTO-x-FOG-1.jpg\",\"datePublished\":\"2025-05-05T15:29:35+00:00\",\"dateModified\":\"2025-05-06T09:39:29+00:00\",\"description\":\"La soci\u00e9t\u00e9 canadienne FiberTech Optica s'associe \u00e0 Fiber Optics Group pour renforcer sa position sur le march\u00e9 mondial des assemblages de fibres optiques et des syst\u00e8mes photoniques associ\u00e9s.\",\"breadcrumb\":{\"@id\":\"https:\\\/\\\/www.sedi-ati.com\\\/fr\\\/fiber-optics-group-acquiert-la-societe-canadienne-fibertech-optica\\\/#breadcrumb\"},\"inLanguage\":\"fr-FR\",\"potentialAction\":[{\"@type\":\"ReadAction\",\"target\":[\"https:\\\/\\\/www.sedi-ati.com\\\/fr\\\/fiber-optics-group-acquiert-la-societe-canadienne-fibertech-optica\\\/\"]}]},{\"@type\":\"ImageObject\",\"inLanguage\":\"fr-FR\",\"@id\":\"https:\\\/\\\/www.sedi-ati.com\\\/fr\\\/fiber-optics-group-acquiert-la-societe-canadienne-fibertech-optica\\\/#primaryimage\",\"url\":\"https:\\\/\\\/www.sedi-ati.com\\\/wp-content\\\/uploads\\\/2025\\\/05\\\/FTO-x-FOG-1.jpg\",\"contentUrl\":\"https:\\\/\\\/www.sedi-ati.com\\\/wp-content\\\/uploads\\\/2025\\\/05\\\/FTO-x-FOG-1.jpg\",\"width\":300,\"height\":300},{\"@type\":\"BreadcrumbList\",\"@id\":\"https:\\\/\\\/www.sedi-ati.com\\\/fr\\\/fiber-optics-group-acquiert-la-societe-canadienne-fibertech-optica\\\/#breadcrumb\",\"itemListElement\":[{\"@type\":\"ListItem\",\"position\":1,\"name\":\"Home\",\"item\":\"https:\\\/\\\/www.sedi-ati.com\\\/fr\\\/\"},{\"@type\":\"ListItem\",\"position\":2,\"name\":\"News\",\"item\":\"https:\\\/\\\/www.sedi-ati.com\\\/category\\\/news-2\\\/\"},{\"@type\":\"ListItem\",\"position\":3,\"name\":\"Press release\",\"item\":\"https:\\\/\\\/www.sedi-ati.com\\\/category\\\/news-2\\\/press-release-news-2\\\/\"},{\"@type\":\"ListItem\",\"position\":4,\"name\":\"Fiber Optics Group acquiert la soci\u00e9t\u00e9 canadienne FiberTech Optica\"}]},{\"@type\":\"WebSite\",\"@id\":\"https:\\\/\\\/www.sedi-ati.com\\\/fr\\\/#website\",\"url\":\"https:\\\/\\\/www.sedi-ati.com\\\/fr\\\/\",\"name\":\"SEDI-ATI\",\"description\":\"Assemblages de fibres optiques sur mesure, bundles, fentes et pieuvres\",\"publisher\":{\"@id\":\"https:\\\/\\\/www.sedi-ati.com\\\/fr\\\/#organization\"},\"potentialAction\":[{\"@type\":\"SearchAction\",\"target\":{\"@type\":\"EntryPoint\",\"urlTemplate\":\"https:\\\/\\\/www.sedi-ati.com\\\/fr\\\/?s={search_term_string}\"},\"query-input\":{\"@type\":\"PropertyValueSpecification\",\"valueRequired\":true,\"valueName\":\"search_term_string\"}}],\"inLanguage\":\"fr-FR\"},{\"@type\":\"Organization\",\"@id\":\"https:\\\/\\\/www.sedi-ati.com\\\/fr\\\/#organization\",\"name\":\"SEDI-ATI\",\"url\":\"https:\\\/\\\/www.sedi-ati.com\\\/fr\\\/\",\"logo\":{\"@type\":\"ImageObject\",\"inLanguage\":\"fr-FR\",\"@id\":\"https:\\\/\\\/www.sedi-ati.com\\\/fr\\\/#\\\/schema\\\/logo\\\/image\\\/\",\"url\":\"https:\\\/\\\/www.sedi-ati.com\\\/wp-content\\\/uploads\\\/2019\\\/10\\\/Logo_SEDI-ATI_2019_avec-baseline.png\",\"contentUrl\":\"https:\\\/\\\/www.sedi-ati.com\\\/wp-content\\\/uploads\\\/2019\\\/10\\\/Logo_SEDI-ATI_2019_avec-baseline.png\",\"width\":300,\"height\":73,\"caption\":\"SEDI-ATI\"},\"image\":{\"@id\":\"https:\\\/\\\/www.sedi-ati.com\\\/fr\\\/#\\\/schema\\\/logo\\\/image\\\/\"},\"sameAs\":[\"https:\\\/\\\/www.linkedin.com\\\/company\\\/sedi-ati-fibres-optiques\\\/\",\"https:\\\/\\\/www.youtube.com\\\/@sedi-ati-fibres-optiques\"]},{\"@type\":\"Person\",\"@id\":\"https:\\\/\\\/www.sedi-ati.com\\\/fr\\\/#\\\/schema\\\/person\\\/127f22d86c7a71dc89861f80fbe34076\",\"name\":\"Ga\u00eblle CHEVIN\",\"image\":{\"@type\":\"ImageObject\",\"inLanguage\":\"fr-FR\",\"@id\":\"https:\\\/\\\/secure.gravatar.com\\\/avatar\\\/673d23c23aab5ac35e61ddcf788d2d4f36bc54cca624d898ff8f19924d12eac6?s=96&d=mm&r=g\",\"url\":\"https:\\\/\\\/secure.gravatar.com\\\/avatar\\\/673d23c23aab5ac35e61ddcf788d2d4f36bc54cca624d898ff8f19924d12eac6?s=96&d=mm&r=g\",\"contentUrl\":\"https:\\\/\\\/secure.gravatar.com\\\/avatar\\\/673d23c23aab5ac35e61ddcf788d2d4f36bc54cca624d898ff8f19924d12eac6?s=96&d=mm&r=g\",\"caption\":\"Ga\u00eblle CHEVIN\"},\"url\":\"https:\\\/\\\/www.sedi-ati.com\\\/fr\\\/author\\\/gchevin\\\/\"}]}<\/script>\n<!-- \/ Yoast SEO plugin. -->","yoast_head_json":{"title":"Fiber Optics Group acquiert la soci\u00e9t\u00e9 canadienne FiberTech Optica - SEDI-ATI","description":"La soci\u00e9t\u00e9 canadienne FiberTech Optica s'associe \u00e0 Fiber Optics Group pour renforcer sa position sur le march\u00e9 mondial des assemblages de fibres optiques et des syst\u00e8mes photoniques associ\u00e9s.","robots":{"index":"index","follow":"follow","max-snippet":"max-snippet:-1","max-image-preview":"max-image-preview:large","max-video-preview":"max-video-preview:-1"},"canonical":"https:\/\/www.sedi-ati.com\/fr\/fiber-optics-group-acquiert-la-societe-canadienne-fibertech-optica\/","og_locale":"fr_FR","og_type":"article","og_title":"Fiber Optics Group acquiert la soci\u00e9t\u00e9 canadienne FiberTech Optica - SEDI-ATI","og_description":"La soci\u00e9t\u00e9 canadienne FiberTech Optica s'associe \u00e0 Fiber Optics Group pour renforcer sa position sur le march\u00e9 mondial des assemblages de fibres optiques et des syst\u00e8mes photoniques associ\u00e9s.","og_url":"https:\/\/www.sedi-ati.com\/fr\/fiber-optics-group-acquiert-la-societe-canadienne-fibertech-optica\/","og_site_name":"SEDI-ATI","article_published_time":"2025-05-05T15:29:35+00:00","article_modified_time":"2025-05-06T09:39:29+00:00","og_image":[{"width":300,"height":300,"url":"https:\/\/www.sedi-ati.com\/wp-content\/uploads\/2025\/05\/FTO-x-FOG-1.jpg","type":"image\/jpeg"}],"author":"Ga\u00eblle CHEVIN","twitter_card":"summary_large_image","twitter_misc":{"\u00c9crit par":"Ga\u00eblle CHEVIN","Dur\u00e9e de lecture estim\u00e9e":"4 minutes"},"schema":{"@context":"https:\/\/schema.org","@graph":[{"@type":"Article","@id":"https:\/\/www.sedi-ati.com\/fr\/fiber-optics-group-acquiert-la-societe-canadienne-fibertech-optica\/#article","isPartOf":{"@id":"https:\/\/www.sedi-ati.com\/fr\/fiber-optics-group-acquiert-la-societe-canadienne-fibertech-optica\/"},"author":{"name":"Ga\u00eblle CHEVIN","@id":"https:\/\/www.sedi-ati.com\/fr\/#\/schema\/person\/127f22d86c7a71dc89861f80fbe34076"},"headline":"Fiber Optics Group acquiert la soci\u00e9t\u00e9 canadienne FiberTech Optica","datePublished":"2025-05-05T15:29:35+00:00","dateModified":"2025-05-06T09:39:29+00:00","mainEntityOfPage":{"@id":"https:\/\/www.sedi-ati.com\/fr\/fiber-optics-group-acquiert-la-societe-canadienne-fibertech-optica\/"},"wordCount":1090,"commentCount":0,"publisher":{"@id":"https:\/\/www.sedi-ati.com\/fr\/#organization"},"image":{"@id":"https:\/\/www.sedi-ati.com\/fr\/fiber-optics-group-acquiert-la-societe-canadienne-fibertech-optica\/#primaryimage"},"thumbnailUrl":"https:\/\/www.sedi-ati.com\/wp-content\/uploads\/2025\/05\/FTO-x-FOG-1.jpg","articleSection":["Communiqu\u00e9 de presse"],"inLanguage":"fr-FR"},{"@type":"WebPage","@id":"https:\/\/www.sedi-ati.com\/fr\/fiber-optics-group-acquiert-la-societe-canadienne-fibertech-optica\/","url":"https:\/\/www.sedi-ati.com\/fr\/fiber-optics-group-acquiert-la-societe-canadienne-fibertech-optica\/","name":"Fiber Optics Group acquiert la soci\u00e9t\u00e9 canadienne FiberTech Optica - SEDI-ATI","isPartOf":{"@id":"https:\/\/www.sedi-ati.com\/fr\/#website"},"primaryImageOfPage":{"@id":"https:\/\/www.sedi-ati.com\/fr\/fiber-optics-group-acquiert-la-societe-canadienne-fibertech-optica\/#primaryimage"},"image":{"@id":"https:\/\/www.sedi-ati.com\/fr\/fiber-optics-group-acquiert-la-societe-canadienne-fibertech-optica\/#primaryimage"},"thumbnailUrl":"https:\/\/www.sedi-ati.com\/wp-content\/uploads\/2025\/05\/FTO-x-FOG-1.jpg","datePublished":"2025-05-05T15:29:35+00:00","dateModified":"2025-05-06T09:39:29+00:00","description":"La soci\u00e9t\u00e9 canadienne FiberTech Optica s'associe \u00e0 Fiber Optics Group pour renforcer sa position sur le march\u00e9 mondial des assemblages de fibres optiques et des syst\u00e8mes photoniques associ\u00e9s.","breadcrumb":{"@id":"https:\/\/www.sedi-ati.com\/fr\/fiber-optics-group-acquiert-la-societe-canadienne-fibertech-optica\/#breadcrumb"},"inLanguage":"fr-FR","potentialAction":[{"@type":"ReadAction","target":["https:\/\/www.sedi-ati.com\/fr\/fiber-optics-group-acquiert-la-societe-canadienne-fibertech-optica\/"]}]},{"@type":"ImageObject","inLanguage":"fr-FR","@id":"https:\/\/www.sedi-ati.com\/fr\/fiber-optics-group-acquiert-la-societe-canadienne-fibertech-optica\/#primaryimage","url":"https:\/\/www.sedi-ati.com\/wp-content\/uploads\/2025\/05\/FTO-x-FOG-1.jpg","contentUrl":"https:\/\/www.sedi-ati.com\/wp-content\/uploads\/2025\/05\/FTO-x-FOG-1.jpg","width":300,"height":300},{"@type":"BreadcrumbList","@id":"https:\/\/www.sedi-ati.com\/fr\/fiber-optics-group-acquiert-la-societe-canadienne-fibertech-optica\/#breadcrumb","itemListElement":[{"@type":"ListItem","position":1,"name":"Home","item":"https:\/\/www.sedi-ati.com\/fr\/"},{"@type":"ListItem","position":2,"name":"News","item":"https:\/\/www.sedi-ati.com\/category\/news-2\/"},{"@type":"ListItem","position":3,"name":"Press release","item":"https:\/\/www.sedi-ati.com\/category\/news-2\/press-release-news-2\/"},{"@type":"ListItem","position":4,"name":"Fiber Optics Group acquiert la soci\u00e9t\u00e9 canadienne FiberTech Optica"}]},{"@type":"WebSite","@id":"https:\/\/www.sedi-ati.com\/fr\/#website","url":"https:\/\/www.sedi-ati.com\/fr\/","name":"SEDI-ATI","description":"Assemblages de fibres optiques sur mesure, bundles, fentes et pieuvres","publisher":{"@id":"https:\/\/www.sedi-ati.com\/fr\/#organization"},"potentialAction":[{"@type":"SearchAction","target":{"@type":"EntryPoint","urlTemplate":"https:\/\/www.sedi-ati.com\/fr\/?s={search_term_string}"},"query-input":{"@type":"PropertyValueSpecification","valueRequired":true,"valueName":"search_term_string"}}],"inLanguage":"fr-FR"},{"@type":"Organization","@id":"https:\/\/www.sedi-ati.com\/fr\/#organization","name":"SEDI-ATI","url":"https:\/\/www.sedi-ati.com\/fr\/","logo":{"@type":"ImageObject","inLanguage":"fr-FR","@id":"https:\/\/www.sedi-ati.com\/fr\/#\/schema\/logo\/image\/","url":"https:\/\/www.sedi-ati.com\/wp-content\/uploads\/2019\/10\/Logo_SEDI-ATI_2019_avec-baseline.png","contentUrl":"https:\/\/www.sedi-ati.com\/wp-content\/uploads\/2019\/10\/Logo_SEDI-ATI_2019_avec-baseline.png","width":300,"height":73,"caption":"SEDI-ATI"},"image":{"@id":"https:\/\/www.sedi-ati.com\/fr\/#\/schema\/logo\/image\/"},"sameAs":["https:\/\/www.linkedin.com\/company\/sedi-ati-fibres-optiques\/","https:\/\/www.youtube.com\/@sedi-ati-fibres-optiques"]},{"@type":"Person","@id":"https:\/\/www.sedi-ati.com\/fr\/#\/schema\/person\/127f22d86c7a71dc89861f80fbe34076","name":"Ga\u00eblle CHEVIN","image":{"@type":"ImageObject","inLanguage":"fr-FR","@id":"https:\/\/secure.gravatar.com\/avatar\/673d23c23aab5ac35e61ddcf788d2d4f36bc54cca624d898ff8f19924d12eac6?s=96&d=mm&r=g","url":"https:\/\/secure.gravatar.com\/avatar\/673d23c23aab5ac35e61ddcf788d2d4f36bc54cca624d898ff8f19924d12eac6?s=96&d=mm&r=g","contentUrl":"https:\/\/secure.gravatar.com\/avatar\/673d23c23aab5ac35e61ddcf788d2d4f36bc54cca624d898ff8f19924d12eac6?s=96&d=mm&r=g","caption":"Ga\u00eblle CHEVIN"},"url":"https:\/\/www.sedi-ati.com\/fr\/author\/gchevin\/"}]}},"_links":{"self":[{"href":"https:\/\/www.sedi-ati.com\/fr\/wp-json\/wp\/v2\/posts\/20818","targetHints":{"allow":["GET"]}}],"collection":[{"href":"https:\/\/www.sedi-ati.com\/fr\/wp-json\/wp\/v2\/posts"}],"about":[{"href":"https:\/\/www.sedi-ati.com\/fr\/wp-json\/wp\/v2\/types\/post"}],"author":[{"embeddable":true,"href":"https:\/\/www.sedi-ati.com\/fr\/wp-json\/wp\/v2\/users\/7"}],"replies":[{"embeddable":true,"href":"https:\/\/www.sedi-ati.com\/fr\/wp-json\/wp\/v2\/comments?post=20818"}],"version-history":[{"count":5,"href":"https:\/\/www.sedi-ati.com\/fr\/wp-json\/wp\/v2\/posts\/20818\/revisions"}],"predecessor-version":[{"id":20828,"href":"https:\/\/www.sedi-ati.com\/fr\/wp-json\/wp\/v2\/posts\/20818\/revisions\/20828"}],"wp:featuredmedia":[{"embeddable":true,"href":"https:\/\/www.sedi-ati.com\/fr\/wp-json\/wp\/v2\/media\/20816"}],"wp:attachment":[{"href":"https:\/\/www.sedi-ati.com\/fr\/wp-json\/wp\/v2\/media?parent=20818"}],"wp:term":[{"taxonomy":"category","embeddable":true,"href":"https:\/\/www.sedi-ati.com\/fr\/wp-json\/wp\/v2\/categories?post=20818"},{"taxonomy":"post_tag","embeddable":true,"href":"https:\/\/www.sedi-ati.com\/fr\/wp-json\/wp\/v2\/tags?post=20818"}],"curies":[{"name":"wp","href":"https:\/\/api.w.org\/{rel}","templated":true}]}}