{"id":20869,"date":"2025-05-26T15:26:31","date_gmt":"2025-05-26T13:26:31","guid":{"rendered":"https:\/\/www.sedi-ati.com\/?p=20869"},"modified":"2025-05-26T16:13:29","modified_gmt":"2025-05-26T14:13:29","slug":"safetech-sedi-ati-expose-au-salon-du-drone-prive","status":"publish","type":"post","link":"https:\/\/www.sedi-ati.com\/fr\/safetech-sedi-ati-expose-au-salon-du-drone-prive\/","title":{"rendered":"[SAFETECH] SEDI-ATI expose au salon du drone priv\u00e9"},"content":{"rendered":"<section class=\"wpb-content-wrapper\"><p>[vc_row content_placement=\u00a0\u00bbmiddle\u00a0\u00bb el_class=\u00a0\u00bbz-index-1 chevauchement-horizontal-range range-applications\u00a0\u00bb][vc_column width=\u00a0\u00bb3\/5&Prime; css=\u00a0\u00bb.vc_custom_1685373321199{background-color: #4c4d4f !important;}\u00a0\u00bb el_class=\u00a0\u00bbshadow border-radius-hd-bd line-bottom line-blue txt-blanc block-grand-text\u00a0\u00bb][vc_raw_html el_class=\u00a0\u00bbgros-titre flex-column-mobile\u00a0\u00bb]JTNDcCUzRVNBRkVURUNIJTNDc3BhbiUyMGNsYXNzJTNEJTIycG9pbnQtcm91Z2UlMjIlM0UlM0MlMkZzcGFuJTNFRCVDMyVBOWZlbnNlJTNDJTJGcCUzRQ==[\/vc_raw_html][vc_column_text]SEDI-ATI participe \u00e0 SAFETECH , le salon du drone priv\u00e9 pour la s\u00fbret\u00e9 et la s\u00e9curit\u00e9, les 4 et 5 juin 2025 !<\/p>\n<p>A l&rsquo;honneur : nos bobines a\u00e9riennes et hybrides.[\/vc_column_text][vc_btn title=\u00a0\u00bbContactez-nous\u00a0\u00bb style=\u00a0\u00bbcustom\u00a0\u00bb custom_background=\u00a0\u00bb#132f40&Prime; custom_text=\u00a0\u00bb#ffffff\u00a0\u00bb shape=\u00a0\u00bbsquare\u00a0\u00bb link=\u00a0\u00bburl:https%3A%2F%2Fwww.sedi-ati.com%2Ffr%2Fcontact%2F\u00a0\u00bb el_class=\u00a0\u00bbline-bottom line-blue\u00a0\u00bb][\/vc_column][vc_column width=\u00a0\u00bb1\/2&Prime; el_class=\u00a0\u00bbimg-entete\u00a0\u00bb][vc_single_image image=\u00a0\u00bb20910&Prime; img_size=\u00a0\u00bbfull\u00a0\u00bb alignment=\u00a0\u00bbcenter\u00a0\u00bb][\/vc_column][\/vc_row][vc_row][vc_column][vc_column_text]Nous avons le plaisir de vous annoncer notre participation au salon <strong>SAFETECH<\/strong> les <strong>4 et 5 juin 2025 <\/strong>\u00e0 Br\u00e9tigny-sur-Orge, France !<\/p>\n<p>Ce salon d\u00e9di\u00e9 aux drones priv\u00e9s pour la s\u00fbret\u00e9 et la s\u00e9curit\u00e9 est une opportunit\u00e9 pour SEDI-ATI de mettre en avant nos bobines a\u00e9riennes et hybrides.<\/p>\n<p>Nos bobines d\u00e9ployables sont directement mont\u00e9es sur le drone et vous permettent d&rsquo;acc\u00e9der \u00e0 des endroits difficiles d&rsquo;acc\u00e8s tout en garantissant la transmission des donn\u00e9es tout le long de l&rsquo;op\u00e9ration. En effet, elle n&rsquo;agit en aucun cas comme \u00ab\u00a0une laisse\u00a0\u00bb ce qui permet au drone d&rsquo;\u00eatre libre d&rsquo;exercer tous les trajets et mouvements souhait\u00e9s, sans avoir \u00e0 effectuer le trajet inverse pour revenir \u00e0 la base.<\/p>\n<p>Notre Directeur de lignes produits <a href=\"https:\/\/www.sedi-ati.com\/fr\/equipe\/herve-aube-chef-de-projet-directeur-de-lignes-produits\/\">Herv\u00e9 AUB\u00c9<\/a> vous accueillera aux c\u00f4t\u00e9s du Hub Drones Systematic.[\/vc_column_text][\/vc_column][\/vc_row][vc_row][vc_column][vc_row_inner content_placement=\u00a0\u00bbmiddle\u00a0\u00bb][vc_column_inner width=\u00a0\u00bb1\/4&Prime;][\/vc_column_inner][vc_column_inner width=\u00a0\u00bb1\/4&Prime;][vc_single_image image=\u00a0\u00bb19963&Prime; img_size=\u00a0\u00bbmedium\u00a0\u00bb add_caption=\u00a0\u00bbyes\u00a0\u00bb alignment=\u00a0\u00bbcenter\u00a0\u00bb style=\u00a0\u00bbvc_box_outline\u00a0\u00bb onclick=\u00a0\u00bbcustom_link\u00a0\u00bb img_link_target=\u00a0\u00bb_blank\u00a0\u00bb link=\u00a0\u00bbhttps:\/\/www.sedi-ati.com\/fr\/bobines-fibre-optique-pour-vehicules-filoguides\/bobine-de-fibre-optique-deployable-pour-applications-aeriennes\/\u00a0\u00bb][\/vc_column_inner][vc_column_inner width=\u00a0\u00bb1\/4&Prime;][vc_single_image image=\u00a0\u00bb20296&Prime; img_size=\u00a0\u00bbmedium\u00a0\u00bb add_caption=\u00a0\u00bbyes\u00a0\u00bb alignment=\u00a0\u00bbcenter\u00a0\u00bb style=\u00a0\u00bbvc_box_outline\u00a0\u00bb onclick=\u00a0\u00bbcustom_link\u00a0\u00bb img_link_target=\u00a0\u00bb_blank\u00a0\u00bb link=\u00a0\u00bbhttps:\/\/www.sedi-ati.com\/fr\/bobines-fibre-optique-pour-vehicules-filoguides\/bobine-de-fibre-deployable-amphibie-pour-applications-aeriennes-et-marines-hauv\/\u00a0\u00bb][\/vc_column_inner][vc_column_inner width=\u00a0\u00bb1\/4&Prime;][\/vc_column_inner][\/vc_row_inner][vc_row_inner][vc_column_inner][vc_column_text]Au programme de SAFETECH :<\/p>\n<ul>\n<li>Pr\u00e9sentations statiques;<\/li>\n<li>Pr\u00e9sentations dynamiques;<\/li>\n<li>Conf\u00e9rences RETEX;<\/li>\n<li>Conf\u00e9rences de fabricants;<\/li>\n<li>Epreuves de pilotage drone;<\/li>\n<li>Ateliers sp\u00e9cialis\u00e9s;<\/li>\n<li>Drones tactiques Indoor;<\/li>\n<li>Lutte Anti-drone;<\/li>\n<li>Formations s\u00e9curit\u00e9 et d\u00e9fense.<\/li>\n<\/ul>\n<p>[\/vc_column_text][\/vc_column_inner][\/vc_row_inner][\/vc_column][\/vc_row][vc_row full_width=\u00a0\u00bbstretch_row\u00a0\u00bb content_placement=\u00a0\u00bbmiddle\u00a0\u00bb css=\u00a0\u00bb.vc_custom_1695801406813{background-color: #a4a9ad !important;}\u00a0\u00bb][vc_column][vc_row_inner][vc_column_inner width=\u00a0\u00bb1\/6&Prime;][\/vc_column_inner][vc_column_inner el_class=\u00a0\u00bbshadow border-radius-hd-bd line-bottom line-blue\u00a0\u00bb width=\u00a0\u00bb2\/3&Prime; css=\u00a0\u00bb.vc_custom_1695816650128{background-color: #ffffff !important;}\u00a0\u00bb][vc_btn title=\u00a0\u00bbEn savoir plus\u00a0\u00bb style=\u00a0\u00bbcustom\u00a0\u00bb custom_background=\u00a0\u00bb#132f40&Prime; custom_text=\u00a0\u00bb#ffffff\u00a0\u00bb shape=\u00a0\u00bbsquare\u00a0\u00bb align=\u00a0\u00bbcenter\u00a0\u00bb link=\u00a0\u00bburl:https%3A%2F%2Fsafetech-event.com%2F|target:_blank\u00a0\u00bb el_class=\u00a0\u00bbline-bottom line-blue\u00a0\u00bb css=\u00a0\u00bb.vc_custom_1748252311865{margin-top: 5px !important;border-top-width: 5px !important;padding-top: 15px !important;background-color: #ffffff !important;}\u00a0\u00bb][\/vc_column_inner][vc_column_inner width=\u00a0\u00bb1\/6&Prime;][\/vc_column_inner][\/vc_row_inner][\/vc_column][\/vc_row][vc_row][vc_column][vc_btn title=\u00a0\u00bb^\u00a0\u00bb style=\u00a0\u00bbflat\u00a0\u00bb shape=\u00a0\u00bbsquare\u00a0\u00bb link=\u00a0\u00bburl:%23Wrapper\u00a0\u00bb el_class=\u00a0\u00bbbtn-haut\u00a0\u00bb][\/vc_column][\/vc_row]<\/p>\n<\/section>","protected":false},"excerpt":{"rendered":"<p>SEDI-ATI participe \u00e0 SAFETECH , le salon du drone priv\u00e9 pour la s\u00fbret\u00e9 et la s\u00e9curit\u00e9, les 4 et 5 juin 2025 !<br \/>\nA l&rsquo;honneur : nos bobines a\u00e9riennes et hybrides.<\/p>\n","protected":false},"author":7,"featured_media":20904,"comment_status":"open","ping_status":"open","sticky":false,"template":"","format":"standard","meta":{"_acf_changed":false,"rs_blank_template":"","rs_page_bg_color":"","slide_template_v7":"","footnotes":""},"categories":[51923],"tags":[],"class_list":["post-20869","post","type-post","status-publish","format-standard","has-post-thumbnail","hentry","category-salons"],"acf":[],"yoast_head":"<!-- This site is optimized with the Yoast SEO plugin v27.5 - https:\/\/yoast.com\/product\/yoast-seo-wordpress\/ -->\n<title>[SAFETECH] SEDI-ATI expose au salon du drone priv\u00e9 - SEDI-ATI<\/title>\n<meta name=\"description\" content=\"SEDI-ATI participe \u00e0 SAFETECH , le salon du drone priv\u00e9 pour la s\u00fbret\u00e9 et la s\u00e9curit\u00e9, les 4 et 5 juin 2025 !A l&#039;honneur : nos bobines a\u00e9riennes et hybrides.\" \/>\n<meta name=\"robots\" content=\"index, follow, max-snippet:-1, max-image-preview:large, max-video-preview:-1\" \/>\n<link rel=\"canonical\" href=\"https:\/\/www.sedi-ati.com\/fr\/safetech-sedi-ati-expose-au-salon-du-drone-prive\/\" \/>\n<meta property=\"og:locale\" content=\"fr_FR\" \/>\n<meta property=\"og:type\" content=\"article\" \/>\n<meta property=\"og:title\" content=\"[SAFETECH] SEDI-ATI expose au salon du drone priv\u00e9 - SEDI-ATI\" \/>\n<meta property=\"og:description\" content=\"SEDI-ATI participe \u00e0 SAFETECH , le salon du drone priv\u00e9 pour la s\u00fbret\u00e9 et la s\u00e9curit\u00e9, les 4 et 5 juin 2025 !A l&#039;honneur : nos bobines a\u00e9riennes et hybrides.\" \/>\n<meta property=\"og:url\" content=\"https:\/\/www.sedi-ati.com\/fr\/safetech-sedi-ati-expose-au-salon-du-drone-prive\/\" \/>\n<meta property=\"og:site_name\" content=\"SEDI-ATI\" \/>\n<meta property=\"article:published_time\" content=\"2025-05-26T13:26:31+00:00\" \/>\n<meta property=\"article:modified_time\" content=\"2025-05-26T14:13:29+00:00\" \/>\n<meta property=\"og:image\" content=\"https:\/\/www.sedi-ati.com\/wp-content\/uploads\/2025\/05\/SAFETECH-2.jpg\" \/>\n\t<meta property=\"og:image:width\" content=\"300\" \/>\n\t<meta property=\"og:image:height\" content=\"300\" \/>\n\t<meta property=\"og:image:type\" content=\"image\/jpeg\" \/>\n<meta name=\"author\" content=\"Ga\u00eblle CHEVIN\" \/>\n<meta name=\"twitter:card\" content=\"summary_large_image\" \/>\n<meta name=\"twitter:label1\" content=\"\u00c9crit par\" \/>\n\t<meta name=\"twitter:data1\" content=\"Ga\u00eblle CHEVIN\" \/>\n\t<meta name=\"twitter:label2\" content=\"Dur\u00e9e de lecture estim\u00e9e\" \/>\n\t<meta name=\"twitter:data2\" content=\"2 minutes\" \/>\n<script type=\"application\/ld+json\" class=\"yoast-schema-graph\">{\"@context\":\"https:\\\/\\\/schema.org\",\"@graph\":[{\"@type\":\"Article\",\"@id\":\"https:\\\/\\\/www.sedi-ati.com\\\/fr\\\/safetech-sedi-ati-expose-au-salon-du-drone-prive\\\/#article\",\"isPartOf\":{\"@id\":\"https:\\\/\\\/www.sedi-ati.com\\\/fr\\\/safetech-sedi-ati-expose-au-salon-du-drone-prive\\\/\"},\"author\":{\"name\":\"Ga\u00eblle CHEVIN\",\"@id\":\"https:\\\/\\\/www.sedi-ati.com\\\/fr\\\/#\\\/schema\\\/person\\\/127f22d86c7a71dc89861f80fbe34076\"},\"headline\":\"[SAFETECH] SEDI-ATI expose au salon du drone priv\u00e9\",\"datePublished\":\"2025-05-26T13:26:31+00:00\",\"dateModified\":\"2025-05-26T14:13:29+00:00\",\"mainEntityOfPage\":{\"@id\":\"https:\\\/\\\/www.sedi-ati.com\\\/fr\\\/safetech-sedi-ati-expose-au-salon-du-drone-prive\\\/\"},\"wordCount\":585,\"commentCount\":0,\"publisher\":{\"@id\":\"https:\\\/\\\/www.sedi-ati.com\\\/fr\\\/#organization\"},\"image\":{\"@id\":\"https:\\\/\\\/www.sedi-ati.com\\\/fr\\\/safetech-sedi-ati-expose-au-salon-du-drone-prive\\\/#primaryimage\"},\"thumbnailUrl\":\"https:\\\/\\\/www.sedi-ati.com\\\/wp-content\\\/uploads\\\/2025\\\/05\\\/SAFETECH-2.jpg\",\"articleSection\":[\"Salons\"],\"inLanguage\":\"fr-FR\"},{\"@type\":\"WebPage\",\"@id\":\"https:\\\/\\\/www.sedi-ati.com\\\/fr\\\/safetech-sedi-ati-expose-au-salon-du-drone-prive\\\/\",\"url\":\"https:\\\/\\\/www.sedi-ati.com\\\/fr\\\/safetech-sedi-ati-expose-au-salon-du-drone-prive\\\/\",\"name\":\"[SAFETECH] SEDI-ATI expose au salon du drone priv\u00e9 - SEDI-ATI\",\"isPartOf\":{\"@id\":\"https:\\\/\\\/www.sedi-ati.com\\\/fr\\\/#website\"},\"primaryImageOfPage\":{\"@id\":\"https:\\\/\\\/www.sedi-ati.com\\\/fr\\\/safetech-sedi-ati-expose-au-salon-du-drone-prive\\\/#primaryimage\"},\"image\":{\"@id\":\"https:\\\/\\\/www.sedi-ati.com\\\/fr\\\/safetech-sedi-ati-expose-au-salon-du-drone-prive\\\/#primaryimage\"},\"thumbnailUrl\":\"https:\\\/\\\/www.sedi-ati.com\\\/wp-content\\\/uploads\\\/2025\\\/05\\\/SAFETECH-2.jpg\",\"datePublished\":\"2025-05-26T13:26:31+00:00\",\"dateModified\":\"2025-05-26T14:13:29+00:00\",\"description\":\"SEDI-ATI participe \u00e0 SAFETECH , le salon du drone priv\u00e9 pour la s\u00fbret\u00e9 et la s\u00e9curit\u00e9, les 4 et 5 juin 2025 !A l'honneur : nos bobines a\u00e9riennes et hybrides.\",\"breadcrumb\":{\"@id\":\"https:\\\/\\\/www.sedi-ati.com\\\/fr\\\/safetech-sedi-ati-expose-au-salon-du-drone-prive\\\/#breadcrumb\"},\"inLanguage\":\"fr-FR\",\"potentialAction\":[{\"@type\":\"ReadAction\",\"target\":[\"https:\\\/\\\/www.sedi-ati.com\\\/fr\\\/safetech-sedi-ati-expose-au-salon-du-drone-prive\\\/\"]}]},{\"@type\":\"ImageObject\",\"inLanguage\":\"fr-FR\",\"@id\":\"https:\\\/\\\/www.sedi-ati.com\\\/fr\\\/safetech-sedi-ati-expose-au-salon-du-drone-prive\\\/#primaryimage\",\"url\":\"https:\\\/\\\/www.sedi-ati.com\\\/wp-content\\\/uploads\\\/2025\\\/05\\\/SAFETECH-2.jpg\",\"contentUrl\":\"https:\\\/\\\/www.sedi-ati.com\\\/wp-content\\\/uploads\\\/2025\\\/05\\\/SAFETECH-2.jpg\",\"width\":300,\"height\":300},{\"@type\":\"BreadcrumbList\",\"@id\":\"https:\\\/\\\/www.sedi-ati.com\\\/fr\\\/safetech-sedi-ati-expose-au-salon-du-drone-prive\\\/#breadcrumb\",\"itemListElement\":[{\"@type\":\"ListItem\",\"position\":1,\"name\":\"Home\",\"item\":\"https:\\\/\\\/www.sedi-ati.com\\\/fr\\\/\"},{\"@type\":\"ListItem\",\"position\":2,\"name\":\"Actualit\u00e9s\",\"item\":\"https:\\\/\\\/www.sedi-ati.com\\\/fr\\\/category\\\/actualites\\\/\"},{\"@type\":\"ListItem\",\"position\":3,\"name\":\"Salons\",\"item\":\"https:\\\/\\\/www.sedi-ati.com\\\/fr\\\/category\\\/actualites\\\/salons\\\/\"},{\"@type\":\"ListItem\",\"position\":4,\"name\":\"[SAFETECH] SEDI-ATI expose au salon du drone priv\u00e9\"}]},{\"@type\":\"WebSite\",\"@id\":\"https:\\\/\\\/www.sedi-ati.com\\\/fr\\\/#website\",\"url\":\"https:\\\/\\\/www.sedi-ati.com\\\/fr\\\/\",\"name\":\"SEDI-ATI\",\"description\":\"Assemblages de fibres optiques sur mesure, bundles, fentes et pieuvres\",\"publisher\":{\"@id\":\"https:\\\/\\\/www.sedi-ati.com\\\/fr\\\/#organization\"},\"potentialAction\":[{\"@type\":\"SearchAction\",\"target\":{\"@type\":\"EntryPoint\",\"urlTemplate\":\"https:\\\/\\\/www.sedi-ati.com\\\/fr\\\/?s={search_term_string}\"},\"query-input\":{\"@type\":\"PropertyValueSpecification\",\"valueRequired\":true,\"valueName\":\"search_term_string\"}}],\"inLanguage\":\"fr-FR\"},{\"@type\":\"Organization\",\"@id\":\"https:\\\/\\\/www.sedi-ati.com\\\/fr\\\/#organization\",\"name\":\"SEDI-ATI\",\"url\":\"https:\\\/\\\/www.sedi-ati.com\\\/fr\\\/\",\"logo\":{\"@type\":\"ImageObject\",\"inLanguage\":\"fr-FR\",\"@id\":\"https:\\\/\\\/www.sedi-ati.com\\\/fr\\\/#\\\/schema\\\/logo\\\/image\\\/\",\"url\":\"https:\\\/\\\/www.sedi-ati.com\\\/wp-content\\\/uploads\\\/2019\\\/10\\\/Logo_SEDI-ATI_2019_avec-baseline.png\",\"contentUrl\":\"https:\\\/\\\/www.sedi-ati.com\\\/wp-content\\\/uploads\\\/2019\\\/10\\\/Logo_SEDI-ATI_2019_avec-baseline.png\",\"width\":300,\"height\":73,\"caption\":\"SEDI-ATI\"},\"image\":{\"@id\":\"https:\\\/\\\/www.sedi-ati.com\\\/fr\\\/#\\\/schema\\\/logo\\\/image\\\/\"},\"sameAs\":[\"https:\\\/\\\/www.linkedin.com\\\/company\\\/sedi-ati-fibres-optiques\\\/\",\"https:\\\/\\\/www.youtube.com\\\/@sedi-ati-fibres-optiques\"]},{\"@type\":\"Person\",\"@id\":\"https:\\\/\\\/www.sedi-ati.com\\\/fr\\\/#\\\/schema\\\/person\\\/127f22d86c7a71dc89861f80fbe34076\",\"name\":\"Ga\u00eblle CHEVIN\",\"image\":{\"@type\":\"ImageObject\",\"inLanguage\":\"fr-FR\",\"@id\":\"https:\\\/\\\/secure.gravatar.com\\\/avatar\\\/673d23c23aab5ac35e61ddcf788d2d4f36bc54cca624d898ff8f19924d12eac6?s=96&d=mm&r=g\",\"url\":\"https:\\\/\\\/secure.gravatar.com\\\/avatar\\\/673d23c23aab5ac35e61ddcf788d2d4f36bc54cca624d898ff8f19924d12eac6?s=96&d=mm&r=g\",\"contentUrl\":\"https:\\\/\\\/secure.gravatar.com\\\/avatar\\\/673d23c23aab5ac35e61ddcf788d2d4f36bc54cca624d898ff8f19924d12eac6?s=96&d=mm&r=g\",\"caption\":\"Ga\u00eblle CHEVIN\"},\"url\":\"https:\\\/\\\/www.sedi-ati.com\\\/fr\\\/author\\\/gchevin\\\/\"}]}<\/script>\n<!-- \/ Yoast SEO plugin. -->","yoast_head_json":{"title":"[SAFETECH] SEDI-ATI expose au salon du drone priv\u00e9 - SEDI-ATI","description":"SEDI-ATI participe \u00e0 SAFETECH , le salon du drone priv\u00e9 pour la s\u00fbret\u00e9 et la s\u00e9curit\u00e9, les 4 et 5 juin 2025 !A l'honneur : nos bobines a\u00e9riennes et hybrides.","robots":{"index":"index","follow":"follow","max-snippet":"max-snippet:-1","max-image-preview":"max-image-preview:large","max-video-preview":"max-video-preview:-1"},"canonical":"https:\/\/www.sedi-ati.com\/fr\/safetech-sedi-ati-expose-au-salon-du-drone-prive\/","og_locale":"fr_FR","og_type":"article","og_title":"[SAFETECH] SEDI-ATI expose au salon du drone priv\u00e9 - SEDI-ATI","og_description":"SEDI-ATI participe \u00e0 SAFETECH , le salon du drone priv\u00e9 pour la s\u00fbret\u00e9 et la s\u00e9curit\u00e9, les 4 et 5 juin 2025 !A l'honneur : nos bobines a\u00e9riennes et hybrides.","og_url":"https:\/\/www.sedi-ati.com\/fr\/safetech-sedi-ati-expose-au-salon-du-drone-prive\/","og_site_name":"SEDI-ATI","article_published_time":"2025-05-26T13:26:31+00:00","article_modified_time":"2025-05-26T14:13:29+00:00","og_image":[{"width":300,"height":300,"url":"https:\/\/www.sedi-ati.com\/wp-content\/uploads\/2025\/05\/SAFETECH-2.jpg","type":"image\/jpeg"}],"author":"Ga\u00eblle CHEVIN","twitter_card":"summary_large_image","twitter_misc":{"\u00c9crit par":"Ga\u00eblle CHEVIN","Dur\u00e9e de lecture estim\u00e9e":"2 minutes"},"schema":{"@context":"https:\/\/schema.org","@graph":[{"@type":"Article","@id":"https:\/\/www.sedi-ati.com\/fr\/safetech-sedi-ati-expose-au-salon-du-drone-prive\/#article","isPartOf":{"@id":"https:\/\/www.sedi-ati.com\/fr\/safetech-sedi-ati-expose-au-salon-du-drone-prive\/"},"author":{"name":"Ga\u00eblle CHEVIN","@id":"https:\/\/www.sedi-ati.com\/fr\/#\/schema\/person\/127f22d86c7a71dc89861f80fbe34076"},"headline":"[SAFETECH] SEDI-ATI expose au salon du drone priv\u00e9","datePublished":"2025-05-26T13:26:31+00:00","dateModified":"2025-05-26T14:13:29+00:00","mainEntityOfPage":{"@id":"https:\/\/www.sedi-ati.com\/fr\/safetech-sedi-ati-expose-au-salon-du-drone-prive\/"},"wordCount":585,"commentCount":0,"publisher":{"@id":"https:\/\/www.sedi-ati.com\/fr\/#organization"},"image":{"@id":"https:\/\/www.sedi-ati.com\/fr\/safetech-sedi-ati-expose-au-salon-du-drone-prive\/#primaryimage"},"thumbnailUrl":"https:\/\/www.sedi-ati.com\/wp-content\/uploads\/2025\/05\/SAFETECH-2.jpg","articleSection":["Salons"],"inLanguage":"fr-FR"},{"@type":"WebPage","@id":"https:\/\/www.sedi-ati.com\/fr\/safetech-sedi-ati-expose-au-salon-du-drone-prive\/","url":"https:\/\/www.sedi-ati.com\/fr\/safetech-sedi-ati-expose-au-salon-du-drone-prive\/","name":"[SAFETECH] SEDI-ATI expose au salon du drone priv\u00e9 - SEDI-ATI","isPartOf":{"@id":"https:\/\/www.sedi-ati.com\/fr\/#website"},"primaryImageOfPage":{"@id":"https:\/\/www.sedi-ati.com\/fr\/safetech-sedi-ati-expose-au-salon-du-drone-prive\/#primaryimage"},"image":{"@id":"https:\/\/www.sedi-ati.com\/fr\/safetech-sedi-ati-expose-au-salon-du-drone-prive\/#primaryimage"},"thumbnailUrl":"https:\/\/www.sedi-ati.com\/wp-content\/uploads\/2025\/05\/SAFETECH-2.jpg","datePublished":"2025-05-26T13:26:31+00:00","dateModified":"2025-05-26T14:13:29+00:00","description":"SEDI-ATI participe \u00e0 SAFETECH , le salon du drone priv\u00e9 pour la s\u00fbret\u00e9 et la s\u00e9curit\u00e9, les 4 et 5 juin 2025 !A l'honneur : nos bobines a\u00e9riennes et hybrides.","breadcrumb":{"@id":"https:\/\/www.sedi-ati.com\/fr\/safetech-sedi-ati-expose-au-salon-du-drone-prive\/#breadcrumb"},"inLanguage":"fr-FR","potentialAction":[{"@type":"ReadAction","target":["https:\/\/www.sedi-ati.com\/fr\/safetech-sedi-ati-expose-au-salon-du-drone-prive\/"]}]},{"@type":"ImageObject","inLanguage":"fr-FR","@id":"https:\/\/www.sedi-ati.com\/fr\/safetech-sedi-ati-expose-au-salon-du-drone-prive\/#primaryimage","url":"https:\/\/www.sedi-ati.com\/wp-content\/uploads\/2025\/05\/SAFETECH-2.jpg","contentUrl":"https:\/\/www.sedi-ati.com\/wp-content\/uploads\/2025\/05\/SAFETECH-2.jpg","width":300,"height":300},{"@type":"BreadcrumbList","@id":"https:\/\/www.sedi-ati.com\/fr\/safetech-sedi-ati-expose-au-salon-du-drone-prive\/#breadcrumb","itemListElement":[{"@type":"ListItem","position":1,"name":"Home","item":"https:\/\/www.sedi-ati.com\/fr\/"},{"@type":"ListItem","position":2,"name":"Actualit\u00e9s","item":"https:\/\/www.sedi-ati.com\/fr\/category\/actualites\/"},{"@type":"ListItem","position":3,"name":"Salons","item":"https:\/\/www.sedi-ati.com\/fr\/category\/actualites\/salons\/"},{"@type":"ListItem","position":4,"name":"[SAFETECH] SEDI-ATI expose au salon du drone priv\u00e9"}]},{"@type":"WebSite","@id":"https:\/\/www.sedi-ati.com\/fr\/#website","url":"https:\/\/www.sedi-ati.com\/fr\/","name":"SEDI-ATI","description":"Assemblages de fibres optiques sur mesure, bundles, fentes et pieuvres","publisher":{"@id":"https:\/\/www.sedi-ati.com\/fr\/#organization"},"potentialAction":[{"@type":"SearchAction","target":{"@type":"EntryPoint","urlTemplate":"https:\/\/www.sedi-ati.com\/fr\/?s={search_term_string}"},"query-input":{"@type":"PropertyValueSpecification","valueRequired":true,"valueName":"search_term_string"}}],"inLanguage":"fr-FR"},{"@type":"Organization","@id":"https:\/\/www.sedi-ati.com\/fr\/#organization","name":"SEDI-ATI","url":"https:\/\/www.sedi-ati.com\/fr\/","logo":{"@type":"ImageObject","inLanguage":"fr-FR","@id":"https:\/\/www.sedi-ati.com\/fr\/#\/schema\/logo\/image\/","url":"https:\/\/www.sedi-ati.com\/wp-content\/uploads\/2019\/10\/Logo_SEDI-ATI_2019_avec-baseline.png","contentUrl":"https:\/\/www.sedi-ati.com\/wp-content\/uploads\/2019\/10\/Logo_SEDI-ATI_2019_avec-baseline.png","width":300,"height":73,"caption":"SEDI-ATI"},"image":{"@id":"https:\/\/www.sedi-ati.com\/fr\/#\/schema\/logo\/image\/"},"sameAs":["https:\/\/www.linkedin.com\/company\/sedi-ati-fibres-optiques\/","https:\/\/www.youtube.com\/@sedi-ati-fibres-optiques"]},{"@type":"Person","@id":"https:\/\/www.sedi-ati.com\/fr\/#\/schema\/person\/127f22d86c7a71dc89861f80fbe34076","name":"Ga\u00eblle CHEVIN","image":{"@type":"ImageObject","inLanguage":"fr-FR","@id":"https:\/\/secure.gravatar.com\/avatar\/673d23c23aab5ac35e61ddcf788d2d4f36bc54cca624d898ff8f19924d12eac6?s=96&d=mm&r=g","url":"https:\/\/secure.gravatar.com\/avatar\/673d23c23aab5ac35e61ddcf788d2d4f36bc54cca624d898ff8f19924d12eac6?s=96&d=mm&r=g","contentUrl":"https:\/\/secure.gravatar.com\/avatar\/673d23c23aab5ac35e61ddcf788d2d4f36bc54cca624d898ff8f19924d12eac6?s=96&d=mm&r=g","caption":"Ga\u00eblle CHEVIN"},"url":"https:\/\/www.sedi-ati.com\/fr\/author\/gchevin\/"}]}},"_links":{"self":[{"href":"https:\/\/www.sedi-ati.com\/fr\/wp-json\/wp\/v2\/posts\/20869","targetHints":{"allow":["GET"]}}],"collection":[{"href":"https:\/\/www.sedi-ati.com\/fr\/wp-json\/wp\/v2\/posts"}],"about":[{"href":"https:\/\/www.sedi-ati.com\/fr\/wp-json\/wp\/v2\/types\/post"}],"author":[{"embeddable":true,"href":"https:\/\/www.sedi-ati.com\/fr\/wp-json\/wp\/v2\/users\/7"}],"replies":[{"embeddable":true,"href":"https:\/\/www.sedi-ati.com\/fr\/wp-json\/wp\/v2\/comments?post=20869"}],"version-history":[{"count":5,"href":"https:\/\/www.sedi-ati.com\/fr\/wp-json\/wp\/v2\/posts\/20869\/revisions"}],"predecessor-version":[{"id":20896,"href":"https:\/\/www.sedi-ati.com\/fr\/wp-json\/wp\/v2\/posts\/20869\/revisions\/20896"}],"wp:featuredmedia":[{"embeddable":true,"href":"https:\/\/www.sedi-ati.com\/fr\/wp-json\/wp\/v2\/media\/20904"}],"wp:attachment":[{"href":"https:\/\/www.sedi-ati.com\/fr\/wp-json\/wp\/v2\/media?parent=20869"}],"wp:term":[{"taxonomy":"category","embeddable":true,"href":"https:\/\/www.sedi-ati.com\/fr\/wp-json\/wp\/v2\/categories?post=20869"},{"taxonomy":"post_tag","embeddable":true,"href":"https:\/\/www.sedi-ati.com\/fr\/wp-json\/wp\/v2\/tags?post=20869"}],"curies":[{"name":"wp","href":"https:\/\/api.w.org\/{rel}","templated":true}]}}