{"id":21324,"date":"2025-10-07T15:05:15","date_gmt":"2025-10-07T13:05:15","guid":{"rendered":"https:\/\/www.sedi-ati.com\/?p=21324"},"modified":"2025-10-07T15:38:44","modified_gmt":"2025-10-07T13:38:44","slug":"epic-technology-meeting-sedi-ati-presente-un-cas-client","status":"publish","type":"post","link":"https:\/\/www.sedi-ati.com\/fr\/epic-technology-meeting-sedi-ati-presente-un-cas-client\/","title":{"rendered":"[EPIC Technology Meeting] SEDI-ATI pr\u00e9sente un cas client"},"content":{"rendered":"<section class=\"wpb-content-wrapper\"><p>[vc_row full_width=\u00a0\u00bbstretch_row\u00a0\u00bb content_placement=\u00a0\u00bbmiddle\u00a0\u00bb el_class=\u00a0\u00bbz-index-1 chevauchement-horizontal-range range-applications\u00a0\u00bb][vc_column width=\u00a0\u00bb3\/5&Prime; el_class=\u00a0\u00bbshadow border-radius-hd-bd line-bottom line-blue txt-blanc block-grand-text\u00a0\u00bb css=\u00a0\u00bb.vc_custom_1695800359783{background-color: #4c4d4f !important;}\u00a0\u00bb][vc_raw_html el_class=\u00a0\u00bbgros-titre flex-column-mobile\u00a0\u00bb]JTNDcCUzRUVQSUMlM0NzcGFuJTIwY2xhc3MlM0QlMjJwb2ludC1yb3VnZSUyMiUzRSUzQyUyRnNwYW4lM0VUZWNobm9sb2d5JTIwTWVldGluZyUzQyUyRnAlM0U=[\/vc_raw_html][vc_column_text]SEDI-ATI participe \u00e0 la r\u00e9union EPIC Technology Meeting sur la Photonique pour l&rsquo;espace \u00e0 l&rsquo;IAA, qui se tiendra les 14 et 15 octobre.[\/vc_column_text][vc_btn title=\u00a0\u00bbContactez-nous\u00a0\u00bb style=\u00a0\u00bbcustom\u00a0\u00bb custom_background=\u00a0\u00bb#132f40&Prime; custom_text=\u00a0\u00bb#ffffff\u00a0\u00bb shape=\u00a0\u00bbsquare\u00a0\u00bb link=\u00a0\u00bburl:https%3A%2F%2Fwww.sedi-ati.com%2Ffr%2Fcontact%2F\u00a0\u00bb el_class=\u00a0\u00bbline-bottom line-blue\u00a0\u00bb][\/vc_column][vc_column width=\u00a0\u00bb1\/2&Prime;][vc_single_image image=\u00a0\u00bb21328&Prime; img_size=\u00a0\u00bbfull\u00a0\u00bb][\/vc_column][\/vc_row][vc_row][vc_column][vc_column_text el_class=\u00a0\u00bbpetit-titre petit-titre-txt\u00a0\u00bb]<\/p>\n<h3>SEDI-ATI est en Espagne<\/h3>\n<p>[\/vc_column_text][vc_column_text]Cet EPIC Technology Meeting sur la Photonique pour l&rsquo;Espace (14-15 octobre) se penchera sur les derni\u00e8res avanc\u00e9es et les d\u00e9fis li\u00e9s \u00e0 l&rsquo;application de la technologie photonique \u00e0 l&rsquo;espace et au nouvel espace, dans des environnements difficiles.<\/p>\n<p>Notre ing\u00e9nieur technico-commercial <a href=\"https:\/\/www.sedi-ati.com\/fr\/equipe\/emmanuel-leclerc-ingenieur-technico-commercial\/\">Emmanuel LECLERC<\/a> aura le plaisir de pr\u00e9senter l&rsquo;\u00e9tude de cas CO2M, pour le th\u00e8me : \u00ab Photonique et instrumentation pour la surveillance de la Terre \u00bb.<\/p>\n<p>Il pr\u00e9sentera l&rsquo;objectif de la mission <a href=\"https:\/\/www.sedi-ati.com\/fr\/cas_client\/co2m-mesure-des-niveaux-de-dioxyde-de-carbone-dans-latmosphere\/\">CO2M<\/a>, les contraintes et les solutions de fibre optique les mieux adapt\u00e9es qui ont \u00e9t\u00e9 fournies.<\/p>\n<p>La mission de surveillance \u00ab\u00a0Copernicus Anthropogenic Carbon Dioxide Monitoring\u00a0\u00bb, plus commun\u00e9ment appel\u00e9e\u00a0<strong><a href=\"https:\/\/www.spiedigitallibrary.org\/conference-proceedings-of-spie\/11852\/118523M\/The-Copernicus-CO2M-mission-for-monitoring-anthropogenic-carbon-dioxide-emissions\/10.1117\/12.2599613.full?SSO=1\" target=\"_blank\" rel=\"noopener\">CO2M<\/a><\/strong>, fait partie du programme Copernicus de l\u2019<strong><a href=\"https:\/\/www.eoportal.org\/satellite-missions\/co2m\" target=\"_blank\" rel=\"noopener\">Agence Spatiale Europ\u00e9enne<\/a><\/strong>\u00a0(ESA), en collaboration avec la\u00a0<strong>Commission Europ\u00e9enne<\/strong>\u00a0(CE) et du\u00a0<strong>Centre Spatial de Li\u00e8ge<\/strong>\u00a0(CSL). Ce programme s\u2019int\u00e9resse \u00e0 notre plan\u00e8te et \u00e0 son environnement pour le b\u00e9n\u00e9fice des citoyens Europ\u00e9ens. En effet, Copernicus a pour but d\u2019observer la\u00a0<strong>Terre<\/strong>\u00a0depuis\u00a0<strong>l\u2019espace<\/strong>, et de fournir des donn\u00e9es pour la protection de l\u2019environnement, la surveillance du climat, l\u2019\u00e9valuation des catastrophes naturelles et d\u2019autres t\u00e2ches sociales. Plus sp\u00e9cifiquement, la mission CO2M a pour but de d\u00e9tecter, de quantifier et de suivre les \u00e9missions anthropiques de dioxyde de carbone (CO<sub>2<\/sub>) dans l\u2019atmosph\u00e8re terrestre ; le CO<sub>2<\/sub>\u00a0\u00e9tant le principal\u00a0<strong>gaz \u00e0 effet de serre<\/strong>\u00a0produit par l\u2019Homme et responsable du\u00a0<strong>r\u00e9chauffement<\/strong>\u00a0<strong>climatique<\/strong>.[\/vc_column_text][\/vc_column][\/vc_row][vc_row][vc_column][vc_row_inner][vc_column_inner][vc_column_text]Au programme :<\/p>\n<ul>\n<li>Des conf\u00e9rences;<\/li>\n<li>Des visites d&rsquo;entreprises;<\/li>\n<li>Du r\u00e9seautage : un d\u00eener et des pauses caf\u00e9&#8230;<\/li>\n<\/ul>\n<p>Venez nous voir \u00e0 <strong>Grenade en Espagne<\/strong>, du <strong>14 au 15 ocrobre<\/strong>\u00a0![\/vc_column_text][\/vc_column_inner][\/vc_row_inner][\/vc_column][\/vc_row][vc_row full_width=\u00a0\u00bbstretch_row\u00a0\u00bb content_placement=\u00a0\u00bbmiddle\u00a0\u00bb css=\u00a0\u00bb.vc_custom_1695801406813{background-color: #a4a9ad !important;}\u00a0\u00bb][vc_column][vc_row_inner][vc_column_inner width=\u00a0\u00bb1\/6&Prime;][\/vc_column_inner][vc_column_inner el_class=\u00a0\u00bbshadow border-radius-hd-bd line-bottom line-blue\u00a0\u00bb width=\u00a0\u00bb2\/3&Prime; css=\u00a0\u00bb.vc_custom_1695816650128{background-color: #ffffff !important;}\u00a0\u00bb][vc_btn title=\u00a0\u00bbEn savoir plus\u00a0\u00bb style=\u00a0\u00bbcustom\u00a0\u00bb custom_background=\u00a0\u00bb#132f40&Prime; custom_text=\u00a0\u00bb#ffffff\u00a0\u00bb shape=\u00a0\u00bbsquare\u00a0\u00bb align=\u00a0\u00bbcenter\u00a0\u00bb link=\u00a0\u00bburl:https%3A%2F%2Fepic-photonics.com%2Fevents%2Fepic-technology-meeting-on-photonics-for-space-at-iaa%2F|target:_blank\u00a0\u00bb el_class=\u00a0\u00bbline-bottom line-blue\u00a0\u00bb css=\u00a0\u00bb.vc_custom_1759844148918{margin-top: 5px !important;border-top-width: 5px !important;padding-top: 15px !important;background-color: #ffffff !important;}\u00a0\u00bb][\/vc_column_inner][vc_column_inner width=\u00a0\u00bb1\/6&Prime;][\/vc_column_inner][\/vc_row_inner][\/vc_column][\/vc_row]<\/p>\n<\/section>","protected":false},"excerpt":{"rendered":"<p>SEDI-ATI participe \u00e0 la r\u00e9union EPIC Technology Meeting sur la Photonique pour l&rsquo;espace \u00e0 l&rsquo;IAA, qui se tiendra les 14 et 15 octobre.<\/p>\n","protected":false},"author":7,"featured_media":21332,"comment_status":"open","ping_status":"open","sticky":false,"template":"","format":"standard","meta":{"_acf_changed":false,"rs_blank_template":"","rs_page_bg_color":"","slide_template_v7":"","footnotes":""},"categories":[51923],"tags":[],"class_list":["post-21324","post","type-post","status-publish","format-standard","has-post-thumbnail","hentry","category-salons"],"acf":[],"yoast_head":"<!-- This site is optimized with the Yoast SEO plugin v27.3 - https:\/\/yoast.com\/product\/yoast-seo-wordpress\/ -->\n<title>[EPIC Technology Meeting] SEDI-ATI pr\u00e9sente un cas client - SEDI-ATI<\/title>\n<meta name=\"description\" content=\"SEDI-ATI participe \u00e0 la r\u00e9union EPIC Technology Meeting sur la Photonique pour l&#039;espace \u00e0 l&#039;IAA, qui se tiendra les 14 et 15 octobre.\" \/>\n<meta name=\"robots\" content=\"index, follow, max-snippet:-1, max-image-preview:large, max-video-preview:-1\" \/>\n<link rel=\"canonical\" href=\"https:\/\/www.sedi-ati.com\/fr\/epic-technology-meeting-sedi-ati-presente-un-cas-client\/\" \/>\n<meta property=\"og:locale\" content=\"fr_FR\" \/>\n<meta property=\"og:type\" content=\"article\" \/>\n<meta property=\"og:title\" content=\"[EPIC Technology Meeting] SEDI-ATI pr\u00e9sente un cas client - SEDI-ATI\" \/>\n<meta property=\"og:description\" content=\"SEDI-ATI participe \u00e0 la r\u00e9union EPIC Technology Meeting sur la Photonique pour l&#039;espace \u00e0 l&#039;IAA, qui se tiendra les 14 et 15 octobre.\" \/>\n<meta property=\"og:url\" content=\"https:\/\/www.sedi-ati.com\/fr\/epic-technology-meeting-sedi-ati-presente-un-cas-client\/\" \/>\n<meta property=\"og:site_name\" content=\"SEDI-ATI\" \/>\n<meta property=\"article:published_time\" content=\"2025-10-07T13:05:15+00:00\" \/>\n<meta property=\"article:modified_time\" content=\"2025-10-07T13:38:44+00:00\" \/>\n<meta property=\"og:image\" content=\"https:\/\/www.sedi-ati.com\/wp-content\/uploads\/2025\/10\/EPIC-TM-Space-1.jpg\" \/>\n\t<meta property=\"og:image:width\" content=\"300\" \/>\n\t<meta property=\"og:image:height\" content=\"300\" \/>\n\t<meta property=\"og:image:type\" content=\"image\/jpeg\" \/>\n<meta name=\"author\" content=\"Ga\u00eblle CHEVIN\" \/>\n<meta name=\"twitter:card\" content=\"summary_large_image\" \/>\n<meta name=\"twitter:label1\" content=\"\u00c9crit par\" \/>\n\t<meta name=\"twitter:data1\" content=\"Ga\u00eblle CHEVIN\" \/>\n\t<meta name=\"twitter:label2\" content=\"Dur\u00e9e de lecture estim\u00e9e\" \/>\n\t<meta name=\"twitter:data2\" content=\"2 minutes\" \/>\n<script type=\"application\/ld+json\" class=\"yoast-schema-graph\">{\"@context\":\"https:\\\/\\\/schema.org\",\"@graph\":[{\"@type\":\"Article\",\"@id\":\"https:\\\/\\\/www.sedi-ati.com\\\/fr\\\/epic-technology-meeting-sedi-ati-presente-un-cas-client\\\/#article\",\"isPartOf\":{\"@id\":\"https:\\\/\\\/www.sedi-ati.com\\\/fr\\\/epic-technology-meeting-sedi-ati-presente-un-cas-client\\\/\"},\"author\":{\"name\":\"Ga\u00eblle CHEVIN\",\"@id\":\"https:\\\/\\\/www.sedi-ati.com\\\/fr\\\/#\\\/schema\\\/person\\\/127f22d86c7a71dc89861f80fbe34076\"},\"headline\":\"[EPIC Technology Meeting] SEDI-ATI pr\u00e9sente un cas client\",\"datePublished\":\"2025-10-07T13:05:15+00:00\",\"dateModified\":\"2025-10-07T13:38:44+00:00\",\"mainEntityOfPage\":{\"@id\":\"https:\\\/\\\/www.sedi-ati.com\\\/fr\\\/epic-technology-meeting-sedi-ati-presente-un-cas-client\\\/\"},\"wordCount\":585,\"commentCount\":0,\"publisher\":{\"@id\":\"https:\\\/\\\/www.sedi-ati.com\\\/fr\\\/#organization\"},\"image\":{\"@id\":\"https:\\\/\\\/www.sedi-ati.com\\\/fr\\\/epic-technology-meeting-sedi-ati-presente-un-cas-client\\\/#primaryimage\"},\"thumbnailUrl\":\"https:\\\/\\\/www.sedi-ati.com\\\/wp-content\\\/uploads\\\/2025\\\/10\\\/EPIC-TM-Space-1.jpg\",\"articleSection\":[\"Salons\"],\"inLanguage\":\"fr-FR\"},{\"@type\":\"WebPage\",\"@id\":\"https:\\\/\\\/www.sedi-ati.com\\\/fr\\\/epic-technology-meeting-sedi-ati-presente-un-cas-client\\\/\",\"url\":\"https:\\\/\\\/www.sedi-ati.com\\\/fr\\\/epic-technology-meeting-sedi-ati-presente-un-cas-client\\\/\",\"name\":\"[EPIC Technology Meeting] SEDI-ATI pr\u00e9sente un cas client - SEDI-ATI\",\"isPartOf\":{\"@id\":\"https:\\\/\\\/www.sedi-ati.com\\\/fr\\\/#website\"},\"primaryImageOfPage\":{\"@id\":\"https:\\\/\\\/www.sedi-ati.com\\\/fr\\\/epic-technology-meeting-sedi-ati-presente-un-cas-client\\\/#primaryimage\"},\"image\":{\"@id\":\"https:\\\/\\\/www.sedi-ati.com\\\/fr\\\/epic-technology-meeting-sedi-ati-presente-un-cas-client\\\/#primaryimage\"},\"thumbnailUrl\":\"https:\\\/\\\/www.sedi-ati.com\\\/wp-content\\\/uploads\\\/2025\\\/10\\\/EPIC-TM-Space-1.jpg\",\"datePublished\":\"2025-10-07T13:05:15+00:00\",\"dateModified\":\"2025-10-07T13:38:44+00:00\",\"description\":\"SEDI-ATI participe \u00e0 la r\u00e9union EPIC Technology Meeting sur la Photonique pour l'espace \u00e0 l'IAA, qui se tiendra les 14 et 15 octobre.\",\"breadcrumb\":{\"@id\":\"https:\\\/\\\/www.sedi-ati.com\\\/fr\\\/epic-technology-meeting-sedi-ati-presente-un-cas-client\\\/#breadcrumb\"},\"inLanguage\":\"fr-FR\",\"potentialAction\":[{\"@type\":\"ReadAction\",\"target\":[\"https:\\\/\\\/www.sedi-ati.com\\\/fr\\\/epic-technology-meeting-sedi-ati-presente-un-cas-client\\\/\"]}]},{\"@type\":\"ImageObject\",\"inLanguage\":\"fr-FR\",\"@id\":\"https:\\\/\\\/www.sedi-ati.com\\\/fr\\\/epic-technology-meeting-sedi-ati-presente-un-cas-client\\\/#primaryimage\",\"url\":\"https:\\\/\\\/www.sedi-ati.com\\\/wp-content\\\/uploads\\\/2025\\\/10\\\/EPIC-TM-Space-1.jpg\",\"contentUrl\":\"https:\\\/\\\/www.sedi-ati.com\\\/wp-content\\\/uploads\\\/2025\\\/10\\\/EPIC-TM-Space-1.jpg\",\"width\":300,\"height\":300},{\"@type\":\"BreadcrumbList\",\"@id\":\"https:\\\/\\\/www.sedi-ati.com\\\/fr\\\/epic-technology-meeting-sedi-ati-presente-un-cas-client\\\/#breadcrumb\",\"itemListElement\":[{\"@type\":\"ListItem\",\"position\":1,\"name\":\"Home\",\"item\":\"https:\\\/\\\/www.sedi-ati.com\\\/fr\\\/\"},{\"@type\":\"ListItem\",\"position\":2,\"name\":\"Actualit\u00e9s\",\"item\":\"https:\\\/\\\/www.sedi-ati.com\\\/fr\\\/category\\\/actualites\\\/\"},{\"@type\":\"ListItem\",\"position\":3,\"name\":\"Salons\",\"item\":\"https:\\\/\\\/www.sedi-ati.com\\\/fr\\\/category\\\/actualites\\\/salons\\\/\"},{\"@type\":\"ListItem\",\"position\":4,\"name\":\"[EPIC Technology Meeting] SEDI-ATI pr\u00e9sente un cas client\"}]},{\"@type\":\"WebSite\",\"@id\":\"https:\\\/\\\/www.sedi-ati.com\\\/fr\\\/#website\",\"url\":\"https:\\\/\\\/www.sedi-ati.com\\\/fr\\\/\",\"name\":\"SEDI-ATI\",\"description\":\"Assemblages de fibres optiques sur mesure, bundles, fentes et pieuvres\",\"publisher\":{\"@id\":\"https:\\\/\\\/www.sedi-ati.com\\\/fr\\\/#organization\"},\"potentialAction\":[{\"@type\":\"SearchAction\",\"target\":{\"@type\":\"EntryPoint\",\"urlTemplate\":\"https:\\\/\\\/www.sedi-ati.com\\\/fr\\\/?s={search_term_string}\"},\"query-input\":{\"@type\":\"PropertyValueSpecification\",\"valueRequired\":true,\"valueName\":\"search_term_string\"}}],\"inLanguage\":\"fr-FR\"},{\"@type\":\"Organization\",\"@id\":\"https:\\\/\\\/www.sedi-ati.com\\\/fr\\\/#organization\",\"name\":\"SEDI-ATI\",\"url\":\"https:\\\/\\\/www.sedi-ati.com\\\/fr\\\/\",\"logo\":{\"@type\":\"ImageObject\",\"inLanguage\":\"fr-FR\",\"@id\":\"https:\\\/\\\/www.sedi-ati.com\\\/fr\\\/#\\\/schema\\\/logo\\\/image\\\/\",\"url\":\"https:\\\/\\\/www.sedi-ati.com\\\/wp-content\\\/uploads\\\/2019\\\/10\\\/Logo_SEDI-ATI_2019_avec-baseline.png\",\"contentUrl\":\"https:\\\/\\\/www.sedi-ati.com\\\/wp-content\\\/uploads\\\/2019\\\/10\\\/Logo_SEDI-ATI_2019_avec-baseline.png\",\"width\":300,\"height\":73,\"caption\":\"SEDI-ATI\"},\"image\":{\"@id\":\"https:\\\/\\\/www.sedi-ati.com\\\/fr\\\/#\\\/schema\\\/logo\\\/image\\\/\"},\"sameAs\":[\"https:\\\/\\\/www.linkedin.com\\\/company\\\/sedi-ati-fibres-optiques\\\/\",\"https:\\\/\\\/www.youtube.com\\\/@sedi-ati-fibres-optiques\"]},{\"@type\":\"Person\",\"@id\":\"https:\\\/\\\/www.sedi-ati.com\\\/fr\\\/#\\\/schema\\\/person\\\/127f22d86c7a71dc89861f80fbe34076\",\"name\":\"Ga\u00eblle CHEVIN\",\"image\":{\"@type\":\"ImageObject\",\"inLanguage\":\"fr-FR\",\"@id\":\"https:\\\/\\\/secure.gravatar.com\\\/avatar\\\/673d23c23aab5ac35e61ddcf788d2d4f36bc54cca624d898ff8f19924d12eac6?s=96&d=mm&r=g\",\"url\":\"https:\\\/\\\/secure.gravatar.com\\\/avatar\\\/673d23c23aab5ac35e61ddcf788d2d4f36bc54cca624d898ff8f19924d12eac6?s=96&d=mm&r=g\",\"contentUrl\":\"https:\\\/\\\/secure.gravatar.com\\\/avatar\\\/673d23c23aab5ac35e61ddcf788d2d4f36bc54cca624d898ff8f19924d12eac6?s=96&d=mm&r=g\",\"caption\":\"Ga\u00eblle CHEVIN\"},\"url\":\"https:\\\/\\\/www.sedi-ati.com\\\/fr\\\/author\\\/gchevin\\\/\"}]}<\/script>\n<!-- \/ Yoast SEO plugin. -->","yoast_head_json":{"title":"[EPIC Technology Meeting] SEDI-ATI pr\u00e9sente un cas client - SEDI-ATI","description":"SEDI-ATI participe \u00e0 la r\u00e9union EPIC Technology Meeting sur la Photonique pour l'espace \u00e0 l'IAA, qui se tiendra les 14 et 15 octobre.","robots":{"index":"index","follow":"follow","max-snippet":"max-snippet:-1","max-image-preview":"max-image-preview:large","max-video-preview":"max-video-preview:-1"},"canonical":"https:\/\/www.sedi-ati.com\/fr\/epic-technology-meeting-sedi-ati-presente-un-cas-client\/","og_locale":"fr_FR","og_type":"article","og_title":"[EPIC Technology Meeting] SEDI-ATI pr\u00e9sente un cas client - SEDI-ATI","og_description":"SEDI-ATI participe \u00e0 la r\u00e9union EPIC Technology Meeting sur la Photonique pour l'espace \u00e0 l'IAA, qui se tiendra les 14 et 15 octobre.","og_url":"https:\/\/www.sedi-ati.com\/fr\/epic-technology-meeting-sedi-ati-presente-un-cas-client\/","og_site_name":"SEDI-ATI","article_published_time":"2025-10-07T13:05:15+00:00","article_modified_time":"2025-10-07T13:38:44+00:00","og_image":[{"width":300,"height":300,"url":"https:\/\/www.sedi-ati.com\/wp-content\/uploads\/2025\/10\/EPIC-TM-Space-1.jpg","type":"image\/jpeg"}],"author":"Ga\u00eblle CHEVIN","twitter_card":"summary_large_image","twitter_misc":{"\u00c9crit par":"Ga\u00eblle CHEVIN","Dur\u00e9e de lecture estim\u00e9e":"2 minutes"},"schema":{"@context":"https:\/\/schema.org","@graph":[{"@type":"Article","@id":"https:\/\/www.sedi-ati.com\/fr\/epic-technology-meeting-sedi-ati-presente-un-cas-client\/#article","isPartOf":{"@id":"https:\/\/www.sedi-ati.com\/fr\/epic-technology-meeting-sedi-ati-presente-un-cas-client\/"},"author":{"name":"Ga\u00eblle CHEVIN","@id":"https:\/\/www.sedi-ati.com\/fr\/#\/schema\/person\/127f22d86c7a71dc89861f80fbe34076"},"headline":"[EPIC Technology Meeting] SEDI-ATI pr\u00e9sente un cas client","datePublished":"2025-10-07T13:05:15+00:00","dateModified":"2025-10-07T13:38:44+00:00","mainEntityOfPage":{"@id":"https:\/\/www.sedi-ati.com\/fr\/epic-technology-meeting-sedi-ati-presente-un-cas-client\/"},"wordCount":585,"commentCount":0,"publisher":{"@id":"https:\/\/www.sedi-ati.com\/fr\/#organization"},"image":{"@id":"https:\/\/www.sedi-ati.com\/fr\/epic-technology-meeting-sedi-ati-presente-un-cas-client\/#primaryimage"},"thumbnailUrl":"https:\/\/www.sedi-ati.com\/wp-content\/uploads\/2025\/10\/EPIC-TM-Space-1.jpg","articleSection":["Salons"],"inLanguage":"fr-FR"},{"@type":"WebPage","@id":"https:\/\/www.sedi-ati.com\/fr\/epic-technology-meeting-sedi-ati-presente-un-cas-client\/","url":"https:\/\/www.sedi-ati.com\/fr\/epic-technology-meeting-sedi-ati-presente-un-cas-client\/","name":"[EPIC Technology Meeting] SEDI-ATI pr\u00e9sente un cas client - SEDI-ATI","isPartOf":{"@id":"https:\/\/www.sedi-ati.com\/fr\/#website"},"primaryImageOfPage":{"@id":"https:\/\/www.sedi-ati.com\/fr\/epic-technology-meeting-sedi-ati-presente-un-cas-client\/#primaryimage"},"image":{"@id":"https:\/\/www.sedi-ati.com\/fr\/epic-technology-meeting-sedi-ati-presente-un-cas-client\/#primaryimage"},"thumbnailUrl":"https:\/\/www.sedi-ati.com\/wp-content\/uploads\/2025\/10\/EPIC-TM-Space-1.jpg","datePublished":"2025-10-07T13:05:15+00:00","dateModified":"2025-10-07T13:38:44+00:00","description":"SEDI-ATI participe \u00e0 la r\u00e9union EPIC Technology Meeting sur la Photonique pour l'espace \u00e0 l'IAA, qui se tiendra les 14 et 15 octobre.","breadcrumb":{"@id":"https:\/\/www.sedi-ati.com\/fr\/epic-technology-meeting-sedi-ati-presente-un-cas-client\/#breadcrumb"},"inLanguage":"fr-FR","potentialAction":[{"@type":"ReadAction","target":["https:\/\/www.sedi-ati.com\/fr\/epic-technology-meeting-sedi-ati-presente-un-cas-client\/"]}]},{"@type":"ImageObject","inLanguage":"fr-FR","@id":"https:\/\/www.sedi-ati.com\/fr\/epic-technology-meeting-sedi-ati-presente-un-cas-client\/#primaryimage","url":"https:\/\/www.sedi-ati.com\/wp-content\/uploads\/2025\/10\/EPIC-TM-Space-1.jpg","contentUrl":"https:\/\/www.sedi-ati.com\/wp-content\/uploads\/2025\/10\/EPIC-TM-Space-1.jpg","width":300,"height":300},{"@type":"BreadcrumbList","@id":"https:\/\/www.sedi-ati.com\/fr\/epic-technology-meeting-sedi-ati-presente-un-cas-client\/#breadcrumb","itemListElement":[{"@type":"ListItem","position":1,"name":"Home","item":"https:\/\/www.sedi-ati.com\/fr\/"},{"@type":"ListItem","position":2,"name":"Actualit\u00e9s","item":"https:\/\/www.sedi-ati.com\/fr\/category\/actualites\/"},{"@type":"ListItem","position":3,"name":"Salons","item":"https:\/\/www.sedi-ati.com\/fr\/category\/actualites\/salons\/"},{"@type":"ListItem","position":4,"name":"[EPIC Technology Meeting] SEDI-ATI pr\u00e9sente un cas client"}]},{"@type":"WebSite","@id":"https:\/\/www.sedi-ati.com\/fr\/#website","url":"https:\/\/www.sedi-ati.com\/fr\/","name":"SEDI-ATI","description":"Assemblages de fibres optiques sur mesure, bundles, fentes et pieuvres","publisher":{"@id":"https:\/\/www.sedi-ati.com\/fr\/#organization"},"potentialAction":[{"@type":"SearchAction","target":{"@type":"EntryPoint","urlTemplate":"https:\/\/www.sedi-ati.com\/fr\/?s={search_term_string}"},"query-input":{"@type":"PropertyValueSpecification","valueRequired":true,"valueName":"search_term_string"}}],"inLanguage":"fr-FR"},{"@type":"Organization","@id":"https:\/\/www.sedi-ati.com\/fr\/#organization","name":"SEDI-ATI","url":"https:\/\/www.sedi-ati.com\/fr\/","logo":{"@type":"ImageObject","inLanguage":"fr-FR","@id":"https:\/\/www.sedi-ati.com\/fr\/#\/schema\/logo\/image\/","url":"https:\/\/www.sedi-ati.com\/wp-content\/uploads\/2019\/10\/Logo_SEDI-ATI_2019_avec-baseline.png","contentUrl":"https:\/\/www.sedi-ati.com\/wp-content\/uploads\/2019\/10\/Logo_SEDI-ATI_2019_avec-baseline.png","width":300,"height":73,"caption":"SEDI-ATI"},"image":{"@id":"https:\/\/www.sedi-ati.com\/fr\/#\/schema\/logo\/image\/"},"sameAs":["https:\/\/www.linkedin.com\/company\/sedi-ati-fibres-optiques\/","https:\/\/www.youtube.com\/@sedi-ati-fibres-optiques"]},{"@type":"Person","@id":"https:\/\/www.sedi-ati.com\/fr\/#\/schema\/person\/127f22d86c7a71dc89861f80fbe34076","name":"Ga\u00eblle CHEVIN","image":{"@type":"ImageObject","inLanguage":"fr-FR","@id":"https:\/\/secure.gravatar.com\/avatar\/673d23c23aab5ac35e61ddcf788d2d4f36bc54cca624d898ff8f19924d12eac6?s=96&d=mm&r=g","url":"https:\/\/secure.gravatar.com\/avatar\/673d23c23aab5ac35e61ddcf788d2d4f36bc54cca624d898ff8f19924d12eac6?s=96&d=mm&r=g","contentUrl":"https:\/\/secure.gravatar.com\/avatar\/673d23c23aab5ac35e61ddcf788d2d4f36bc54cca624d898ff8f19924d12eac6?s=96&d=mm&r=g","caption":"Ga\u00eblle CHEVIN"},"url":"https:\/\/www.sedi-ati.com\/fr\/author\/gchevin\/"}]}},"_links":{"self":[{"href":"https:\/\/www.sedi-ati.com\/fr\/wp-json\/wp\/v2\/posts\/21324","targetHints":{"allow":["GET"]}}],"collection":[{"href":"https:\/\/www.sedi-ati.com\/fr\/wp-json\/wp\/v2\/posts"}],"about":[{"href":"https:\/\/www.sedi-ati.com\/fr\/wp-json\/wp\/v2\/types\/post"}],"author":[{"embeddable":true,"href":"https:\/\/www.sedi-ati.com\/fr\/wp-json\/wp\/v2\/users\/7"}],"replies":[{"embeddable":true,"href":"https:\/\/www.sedi-ati.com\/fr\/wp-json\/wp\/v2\/comments?post=21324"}],"version-history":[{"count":3,"href":"https:\/\/www.sedi-ati.com\/fr\/wp-json\/wp\/v2\/posts\/21324\/revisions"}],"predecessor-version":[{"id":21335,"href":"https:\/\/www.sedi-ati.com\/fr\/wp-json\/wp\/v2\/posts\/21324\/revisions\/21335"}],"wp:featuredmedia":[{"embeddable":true,"href":"https:\/\/www.sedi-ati.com\/fr\/wp-json\/wp\/v2\/media\/21332"}],"wp:attachment":[{"href":"https:\/\/www.sedi-ati.com\/fr\/wp-json\/wp\/v2\/media?parent=21324"}],"wp:term":[{"taxonomy":"category","embeddable":true,"href":"https:\/\/www.sedi-ati.com\/fr\/wp-json\/wp\/v2\/categories?post=21324"},{"taxonomy":"post_tag","embeddable":true,"href":"https:\/\/www.sedi-ati.com\/fr\/wp-json\/wp\/v2\/tags?post=21324"}],"curies":[{"name":"wp","href":"https:\/\/api.w.org\/{rel}","templated":true}]}}